{"id":1010,"date":"2010-02-09T12:55:16","date_gmt":"2010-02-09T11:55:16","guid":{"rendered":"http:\/\/www.azionecattolica.it\/net\/iopartecipo\/?p=1010"},"modified":"2010-02-10T15:25:07","modified_gmt":"2010-02-10T14:25:07","slug":"nasce-sulla-rete-w-il-concilio","status":"publish","type":"post","link":"https:\/\/iopartecipo.azionecattolica.it\/?p=1010","title":{"rendered":"Nasce sulla rete w il concilio!"},"content":{"rendered":"<p>Un portale per far conoscere il Concilio Vaticano II alle nuove generazioni!<\/p>\n<p style=\"text-align: center;\"><a href=\"http:\/\/www.vivailconcilio.it\/\"><img loading=\"lazy\" class=\"aligncenter\" src=\"http:\/\/atriodeigentili.files.wordpress.com\/2009\/11\/concilio-vaticano-ii.jpg\" alt=\"\" width=\"555\" height=\"555\" \/><\/a><\/p>\n<p style=\"text-align: justify;\"><strong>Viva il Concilio<\/strong>&#8216; \u00e8 anzitutto  espressione di <em><strong>ringraziamento<\/strong><\/em>, poich\u00e9 lungo i secoli della sua storia alla Chiesa non \u00e8 mai venuta meno l\u2019assistenza dello Spirito Santo. Nel caso del concilio Vaticano II, ancora una volta, lo Spirito di Dio non ha lesinato i suoi doni, versandoci in grembo \u00abuna misura buona, pigiata, scossa e traboccante\u00bb (Lc 6,38b). <em>Deo gratias<\/em>.<\/p>\n<p style=\"text-align: justify;\">&#8216;<strong>Viva il Concilio<\/strong>&#8216;, oltre ad essere una benedizione, costituisce una <em><strong>pro\u00admessa<\/strong><\/em>: solo a condizione di rinnovare la fedelt\u00e0 e la verit\u00e0 di quell\u2019evento spi\u00adrituale sar\u00e0 possibile per la Chiesa cattolica disporre dei doni ricevuti e tenerne viva la memoria. In modo tenace Paolo VI ha richiamato il dovere ecclesiale della \u201cfedelt\u00e0 al Concilio\u201d, poich\u00e9 trattandosi di un evento che chiama in causa la responsabilit\u00e0 apostolica, prima \u00abdobbiamo comprenderlo\u00bb poi \u00abdobbiamo seguirlo\u00bb.<\/p>\n<p>&#8216;<strong>Viva il Concilio<\/strong>&#8216; \u00e8 un <em><strong>compito<\/strong><\/em> che si fonda sulla memoria, impegna il presente e apre alla profezia. Occorre \u00abricordare che il Concilio scatur\u00ec dal grande cuore del papa Giovanni XXIII [\u2026] Noi tutti siamo davvero debitori di questo straordinario evento ecclesiale\u00bb (Benedetto XVI). Per questo, la lezione dell\u2019ultimo Concilio dev\u2019essere accolta come \u00abla grande grazia di cui la Chiesa ha beneficiato nel secolo XX: in esso ci \u00e8 offerta una sicura bussola per orientarci nel cammino del secolo che si apre\u00bb (Giovanni Paolo II).<\/p>\n<p>&#8216;<strong>Viva il Concilio<\/strong>&#8216; vuol essere, per ultimo, un <em><strong>sito web<\/strong><\/em> &#8211; promosso da Giacomo Canobbio, Piero Coda, Severino Dianich, Massimo Nardello, Gilles Routhier, Marco Vergottini, con i cardinali Carlo M. Martini e Roberto Tucci, e il vescovo Luigi Bettazzi. Vi si troveranno a) fonti; b) interventi magisteriali; c) saggi teologici; d) iniziative (testi, video, convegni e pubblicazioni), utili per sollecitare il popolo di Dio a leg\u00adgere e interpretare \u201cnel cono di luce del Concilio\u201d (Paolo VI) l\u2019agire e la testimonianza ecclesiale nell\u2019oggi della storia.<\/p>\n","protected":false},"excerpt":{"rendered":"<p>Un portale per far conoscere il Concilio Vaticano II alle nuove generazioni! Viva il Concilio&#8216; \u00e8 anzitutto espressione di ringraziamento, poich\u00e9 lungo i secoli della sua storia alla Chiesa non \u00e8 mai venuta meno l\u2019assistenza dello Spirito Santo. Nel caso del concilio Vaticano II, ancora una volta, lo Spirito di Dio non ha lesinato i [&hellip;]<\/p>\n","protected":false},"author":3,"featured_media":0,"comment_status":"open","ping_status":"open","sticky":false,"template":"","format":"standard","meta":[],"categories":[6],"tags":[],"_links":{"self":[{"href":"https:\/\/iopartecipo.azionecattolica.it\/index.php?rest_route=\/wp\/v2\/posts\/1010"}],"collection":[{"href":"https:\/\/iopartecipo.azionecattolica.it\/index.php?rest_route=\/wp\/v2\/posts"}],"about":[{"href":"https:\/\/iopartecipo.azionecattolica.it\/index.php?rest_route=\/wp\/v2\/types\/post"}],"author":[{"embeddable":true,"href":"https:\/\/iopartecipo.azionecattolica.it\/index.php?rest_route=\/wp\/v2\/users\/3"}],"replies":[{"embeddable":true,"href":"https:\/\/iopartecipo.azionecattolica.it\/index.php?rest_route=%2Fwp%2Fv2%2Fcomments&post=1010"}],"version-history":[{"count":2,"href":"https:\/\/iopartecipo.azionecattolica.it\/index.php?rest_route=\/wp\/v2\/posts\/1010\/revisions"}],"predecessor-version":[{"id":1012,"href":"https:\/\/iopartecipo.azionecattolica.it\/index.php?rest_route=\/wp\/v2\/posts\/1010\/revisions\/1012"}],"wp:attachment":[{"href":"https:\/\/iopartecipo.azionecattolica.it\/index.php?rest_route=%2Fwp%2Fv2%2Fmedia&parent=1010"}],"wp:term":[{"taxonomy":"category","embeddable":true,"href":"https:\/\/iopartecipo.azionecattolica.it\/index.php?rest_route=%2Fwp%2Fv2%2Fcategories&post=1010"},{"taxonomy":"post_tag","embeddable":true,"href":"https:\/\/iopartecipo.azionecattolica.it\/index.php?rest_route=%2Fwp%2Fv2%2Ftags&post=1010"}],"curies":[{"name":"wp","href":"https:\/\/api.w.org\/{rel}","templated":true}]}}