{"id":1013,"date":"2010-02-10T15:28:36","date_gmt":"2010-02-10T14:28:36","guid":{"rendered":"http:\/\/www.azionecattolica.it\/net\/iopartecipo\/?p=1013"},"modified":"2010-02-11T10:36:49","modified_gmt":"2010-02-11T09:36:49","slug":"una-foto-alle-scuole-italiane","status":"publish","type":"post","link":"https:\/\/iopartecipo.azionecattolica.it\/?p=1013","title":{"rendered":"Una foto alle scuole italiane!"},"content":{"rendered":"<p><a href=\"http:\/\/www.azionecattolica.it\/net\/iopartecipo\/wp-content\/uploads\/2010\/02\/fotocommunity-fotografie-appassionati-fotografi.jpg\"><img loading=\"lazy\" class=\"aligncenter size-full wp-image-1015\" title=\"fotocommunity-fotografie-appassionati-fotografi\" src=\"http:\/\/www.azionecattolica.it\/net\/iopartecipo\/wp-content\/uploads\/2010\/02\/fotocommunity-fotografie-appassionati-fotografi.jpg\" alt=\"\" width=\"500\" height=\"322\" srcset=\"https:\/\/iopartecipo.azionecattolica.it\/wp-content\/uploads\/2010\/02\/fotocommunity-fotografie-appassionati-fotografi.jpg 500w, https:\/\/iopartecipo.azionecattolica.it\/wp-content\/uploads\/2010\/02\/fotocommunity-fotografie-appassionati-fotografi-300x193.jpg 300w\" sizes=\"(max-width: 500px) 100vw, 500px\" \/><\/a><\/p>\n<p style=\"text-align: justify;\">\n<p style=\"text-align: justify;\"><span style=\"font-family: Calibri,Verdana,Helvetica,Arial;\"><span style=\"font-size: 11pt;\">Caro MSAC<\/span><\/span><\/p>\n<p>Sono una studentessa universitaria che collabora con Italia Futura, un\u2019associazione nata per promuovere il dibattito sul futuro del Paese. Lo scorso 16 gennaio abbiamo inaugurato a Napoli la campagna sui Maestri d\u2019Italia a cura del prof. Adolfo Scotto di Luzio ( <span style=\"color: #0000ff;\"><span style=\"text-decoration: underline;\"><a href=\"http:\/\/www.italiafutura.it\/dettaglio\/110022\/maestri_ditalia\">http:\/\/www.italiafutura.it\/dettaglio\/110022\/maestri_ditalia<\/a><\/span><\/span>): \u201cinvestire su una scuola di qualit\u00e0: \u00e8 cos\u00ec che l&#8217;Italia che vuole guardare avanti si prende cura di se stessa\u201d.<\/p>\n<p>Ti \u00a0scrivo, in quanto Movimento Studenti di Azione Cattolica, per chiedere il tuo aiuto. Abbiamo deciso di dar vita a un <strong>censimento fotografico delle scuole<\/strong> del nostro paese: stiamo raccogliendo le foto delle scuole d\u2019Italia, per mostrare quelle stesse foto a architetti e professionisti che possano costruire insieme la scuola che vorremmo (<span style=\"color: #0000ff;\"><span style=\"text-decoration: underline;\"><a href=\"http:\/\/www.italiafutura.it\/dettaglio\/110269\/scuole_degli_italiani\">http:\/\/www.italiafutura.it\/dettaglio\/110269\/scuole_degli_italiani<\/a><\/span><\/span>)<\/p>\n<p>Ti chiedo quindi di inviarci una o pi\u00f9 foto delle vostre scuole, rispondendo a questa mail oppure pubblicandole direttamente sulla pagina di Italia Futura su Facebook (<span style=\"color: #0000ff;\"><span style=\"text-decoration: underline;\"><a href=\"http:\/\/www.facebook.com\/pages\/Italia-Futura\/115688019273\">http:\/\/www.facebook.com\/pages\/Italia-Futura\/115688019273<\/a><\/span><\/span>), per poter analizzare insieme lo stato attuale degli edifici scolastici e individuarne le soluzioni. Le foto andranno poi a formare una mostra sulle Scuole d\u2019Italia, in concomitanza con il centocinquantenario dell\u2019unit\u00e0 d\u2019Italia. Anche attraverso questa sfida si gioca il futuro della scuola nel nostro Paese.<\/p>\n<p>Sarebbe bello poter coinvolgere un gran numero di giovani in questa iniziativa: solo insieme possiamo migliorare la condizione delle scuole italiane!<\/p>\n<p>Ti invito inoltre a dare un\u2019occhiata al nostro sito: <a href=\"http:\/\/www.italiafutura.it\/\">http:\/\/www.italiafutura.it\/<\/a>.<\/p>\n<p>A presto, Elisa<\/p>\n<p>*************<br \/>\nElisa Gerardis<br \/>\nItalia Futura<br \/>\nViale Parioli 124, 00197 Roma<br \/>\nTel 06.8079944<br \/>\nFax 06.80660332<br \/>\n<span style=\"color: #0000ff;\"><span style=\"text-decoration: underline;\"><a href=\"gerardis@italiafutura.it\">gerardis@italiafutura.it<\/a><br \/>\n<\/span><\/span>*************<\/p>\n","protected":false},"excerpt":{"rendered":"<p>Caro MSAC Sono una studentessa universitaria che collabora con Italia Futura, un\u2019associazione nata per promuovere il dibattito sul futuro del Paese. Lo scorso 16 gennaio abbiamo inaugurato a Napoli la campagna sui Maestri d\u2019Italia a cura del prof. Adolfo Scotto di Luzio ( http:\/\/www.italiafutura.it\/dettaglio\/110022\/maestri_ditalia): \u201cinvestire su una scuola di qualit\u00e0: \u00e8 cos\u00ec che l&#8217;Italia che [&hellip;]<\/p>\n","protected":false},"author":3,"featured_media":0,"comment_status":"open","ping_status":"open","sticky":false,"template":"","format":"standard","meta":[],"categories":[6],"tags":[],"_links":{"self":[{"href":"https:\/\/iopartecipo.azionecattolica.it\/index.php?rest_route=\/wp\/v2\/posts\/1013"}],"collection":[{"href":"https:\/\/iopartecipo.azionecattolica.it\/index.php?rest_route=\/wp\/v2\/posts"}],"about":[{"href":"https:\/\/iopartecipo.azionecattolica.it\/index.php?rest_route=\/wp\/v2\/types\/post"}],"author":[{"embeddable":true,"href":"https:\/\/iopartecipo.azionecattolica.it\/index.php?rest_route=\/wp\/v2\/users\/3"}],"replies":[{"embeddable":true,"href":"https:\/\/iopartecipo.azionecattolica.it\/index.php?rest_route=%2Fwp%2Fv2%2Fcomments&post=1013"}],"version-history":[{"count":2,"href":"https:\/\/iopartecipo.azionecattolica.it\/index.php?rest_route=\/wp\/v2\/posts\/1013\/revisions"}],"predecessor-version":[{"id":1016,"href":"https:\/\/iopartecipo.azionecattolica.it\/index.php?rest_route=\/wp\/v2\/posts\/1013\/revisions\/1016"}],"wp:attachment":[{"href":"https:\/\/iopartecipo.azionecattolica.it\/index.php?rest_route=%2Fwp%2Fv2%2Fmedia&parent=1013"}],"wp:term":[{"taxonomy":"category","embeddable":true,"href":"https:\/\/iopartecipo.azionecattolica.it\/index.php?rest_route=%2Fwp%2Fv2%2Fcategories&post=1013"},{"taxonomy":"post_tag","embeddable":true,"href":"https:\/\/iopartecipo.azionecattolica.it\/index.php?rest_route=%2Fwp%2Fv2%2Ftags&post=1013"}],"curies":[{"name":"wp","href":"https:\/\/api.w.org\/{rel}","templated":true}]}}