{"id":1017,"date":"2010-02-22T16:11:58","date_gmt":"2010-02-22T15:11:58","guid":{"rendered":"http:\/\/www.azionecattolica.it\/net\/iopartecipo\/?p=1017"},"modified":"2010-02-22T14:29:03","modified_gmt":"2010-02-22T13:29:03","slug":"aperte-le-iscrizioni-alla-sfs-2010","status":"publish","type":"post","link":"https:\/\/iopartecipo.azionecattolica.it\/?p=1017","title":{"rendered":"Aperte le iscrizioni alla SFS 2010!!!"},"content":{"rendered":"<p style=\"text-align: justify;\"><a href=\"http:\/\/sfs.azionecattolica.it\/\"><img loading=\"lazy\" class=\"alignleft size-full wp-image-171\" title=\"logo sfs\" src=\"http:\/\/sfs2010.azionecattolica.it\/wp-content\/uploads\/2010\/01\/logo-sfs1.jpg\" alt=\"\" width=\"258\" height=\"312\" \/><\/a>Carissimi, sono ufficialmente aperte le iscrizioni per la attesissima <strong>Scuola di Formazione nazionale per Studenti, <\/strong>la SFS 2010!!!! Tre giorni di dibattito, confronto e passione aperti a tutti gli studenti delle scuole secondarie superiori d&#8217;Italia, aderenti e non all&#8217;associazione. Perci\u00f2 ditelo ai vostri prof, ai vostri educatori giovanissimi, ai presidi, ai compagni, ai quattro venti: gli studenti possono lasciare il segno! Il Movimento Studenti di Azione Cattolica d\u00e0 appuntamento a 2000 studenti a <strong>RIMINI, <\/strong>dal <strong>16 al 18 aprile<\/strong> 2010!<\/p>\n<p style=\"text-align: justify;\">Vuoi saperne di pi\u00f9? Vai a curiosare sul brioso sito <strong><a href=\"http:\/\/sfs.azionecattolica.it\/\">www.sfs.azionecattolica.it<\/a><\/strong> e&#8230; falla girare!<\/p>\n<p style=\"text-align: justify;\">Intanto una clamorosa notizia: i costi. Rullo di tamburi&#8230; il viaggio verso RIMINI andata e ritorno, da qualsiasi angolo dell\u2019Italia costa solo <strong>20 euro!!<\/strong>! Basta aderire al fondo viaggio nazionale, aggiungendo la quota dei 20 euro a quella di partecipazione della SFS che \u00e8 di <strong>soli 100<\/strong> <strong>euro<\/strong>. Ed \u00e8 TUTTO INCLUSO, dai pasti al dormire al viaggio!!! La SFS \u00e8 davvero un regalo per tutti!!!<\/p>\n<p style=\"text-align: justify;\">On-line tutti i materiali, dal programma alle note tecniche ai materiali per prepararsi ai temi della SFS. E c&#8217;\u00e8 un&#8217;altra notizia: la <strong>SFS \u00e8 formativa!!! Nessun pericolo per l&#8217;assenza da scuola: la SFS \u00e8 riconosciuta dal Ministero dell&#8217;Istruzione come valevole per il conseguimento dei crediti formativi. <\/strong>Una bella occasione perci\u00f2 per fare un&#8217;ottima esperienza formativa, una ganza dose di divertimento&#8230; e sapere che tutto ci\u00f2 \u00e8 riconosciuto dal MIUR come attivit\u00e0 scolastica! Una valida proposta alternativa alle gite l\u00ec dove non fossero possibili. Dai un&#8217;occhiata alla circolare per la <a href=\"http:\/\/sfs2010.azionecattolica.it\/wp-content\/uploads\/2010\/02\/convegno-msac-2010.pdf\">partecipazione degli studenti<\/a> che il Ministero ha inviato a tutti i presidi d&#8217;Italia<\/p>\n<p style=\"text-align: justify;\">Ed <a href=\"http:\/\/movi100.azionecattolica.it\/?page_id=135\">una pagina \u00e8 infine dedicata agli <strong>ex msacchini<\/strong> <\/a>che vorranno festeggiare il 18 aprile il centenario. Domenica infatti spegneremo le candeline sulla torta della storia centenaria msacchina!<\/p>\n<p style=\"text-align: justify;\">Insomma la SFS non potete proprio perdervela. \u00e9 <strong>formativa, \u00e8 popolare ed \u00e8 per tutti. <\/strong>Davvero.<\/p>\n","protected":false},"excerpt":{"rendered":"<p>Carissimi, sono ufficialmente aperte le iscrizioni per la attesissima Scuola di Formazione nazionale per Studenti, la SFS 2010!!!! Tre giorni di dibattito, confronto e passione aperti a tutti gli studenti delle scuole secondarie superiori d&#8217;Italia, aderenti e non all&#8217;associazione. Perci\u00f2 ditelo ai vostri prof, ai vostri educatori giovanissimi, ai presidi, ai compagni, ai quattro venti: [&hellip;]<\/p>\n","protected":false},"author":3,"featured_media":0,"comment_status":"open","ping_status":"open","sticky":false,"template":"","format":"standard","meta":[],"categories":[6],"tags":[],"_links":{"self":[{"href":"https:\/\/iopartecipo.azionecattolica.it\/index.php?rest_route=\/wp\/v2\/posts\/1017"}],"collection":[{"href":"https:\/\/iopartecipo.azionecattolica.it\/index.php?rest_route=\/wp\/v2\/posts"}],"about":[{"href":"https:\/\/iopartecipo.azionecattolica.it\/index.php?rest_route=\/wp\/v2\/types\/post"}],"author":[{"embeddable":true,"href":"https:\/\/iopartecipo.azionecattolica.it\/index.php?rest_route=\/wp\/v2\/users\/3"}],"replies":[{"embeddable":true,"href":"https:\/\/iopartecipo.azionecattolica.it\/index.php?rest_route=%2Fwp%2Fv2%2Fcomments&post=1017"}],"version-history":[{"count":4,"href":"https:\/\/iopartecipo.azionecattolica.it\/index.php?rest_route=\/wp\/v2\/posts\/1017\/revisions"}],"predecessor-version":[{"id":1021,"href":"https:\/\/iopartecipo.azionecattolica.it\/index.php?rest_route=\/wp\/v2\/posts\/1017\/revisions\/1021"}],"wp:attachment":[{"href":"https:\/\/iopartecipo.azionecattolica.it\/index.php?rest_route=%2Fwp%2Fv2%2Fmedia&parent=1017"}],"wp:term":[{"taxonomy":"category","embeddable":true,"href":"https:\/\/iopartecipo.azionecattolica.it\/index.php?rest_route=%2Fwp%2Fv2%2Fcategories&post=1017"},{"taxonomy":"post_tag","embeddable":true,"href":"https:\/\/iopartecipo.azionecattolica.it\/index.php?rest_route=%2Fwp%2Fv2%2Ftags&post=1017"}],"curies":[{"name":"wp","href":"https:\/\/api.w.org\/{rel}","templated":true}]}}