{"id":1025,"date":"2010-02-23T11:28:18","date_gmt":"2010-02-23T10:28:18","guid":{"rendered":"http:\/\/www.azionecattolica.it\/net\/iopartecipo\/?p=1025"},"modified":"2010-02-23T11:28:49","modified_gmt":"2010-02-23T10:28:49","slug":"se-nessuno-occupa-mi-preoccupo","status":"publish","type":"post","link":"https:\/\/iopartecipo.azionecattolica.it\/?p=1025","title":{"rendered":"Se nessuno occupa mi preoccupo"},"content":{"rendered":"<p style=\"text-align: center;\"><em>Pubblichiamo qui un articolo apparso oggi sull&#8217;Unit\u00e0 che parla di mobilitazione studentesca. E voi studenti che ne pensate? Ci stiamo ad essere ritratti in questo modo?\u00e8 aperto il dibattito!!!<\/em><\/p>\n<div class=\"paginazart\" style=\"text-align: center;\"><img loading=\"lazy\" class=\"aligncenter\" src=\"http:\/\/www.infoaut.org\/img\/gallery\/1223644448974_2222222222-4acf11cbb7275.jpg\" alt=\"\" width=\"369\" height=\"500\" \/><\/div>\n<div class=\"paginazart\" style=\"text-align: justify;\"><\/div>\n<div class=\"paginazart\" style=\"text-align: justify;\"><a title=\"Vai all'articolo precedente\" href=\"http:\/\/www.unita.it\/news\/roberto_alajmo\/95403\/se_nessuno_occupa_mi_preoccupo\">Roberto Alajmo su Unit\u00e0.it<\/a><\/div>\n<p style=\"text-align: justify;\">\u00c8 passata la stagione classica, e niente occupazioni scolastiche. Nessuno sembra essersene accorto, ma \u00e8 un unicum: quest\u2019anno \u00e8 saltata la protesta studentesca. Il mondo della scuola viene tuttora animato da fermenti continui, ma \u00e8 come se tutto si muovesse sotto traccia, dopo che il movimento dell\u2019Onda \u00e8 andato a infrangersi su un muro di indifferenza. Da quel momento la scuola sembra essere uscita dall\u2019agenda politica nazionale. Secondo gli esperti di comunicazione \u00e8 un problema che avrebbe stufato il grande pubblico. E in assenza di proteste eclatanti, non c\u2019\u00e8 motivo di occuparsene. Resta da spiegare perch\u00e9 allora Riccardo Iacona sbanca l\u2019auditel proprio quando dedica una trasmissione alla scuola, rivelando per esempio che in Sicilia l\u201985% degli edifici scolastici non \u00e8 in regola con le norme di abitabilit\u00e0 e agibilit\u00e0.<br \/>\nE per\u00f2 qualcosa significa se proprio l\u2019anno scolastico 2009\/10 sar\u00e0 ricordato come il primo da tempo immemorabile senza quel rito anche un po\u2019 stracco che era la protesta studentesca d\u2019autunno, pronta a rientrare in vista delle vacanze di Natale e poi degli scrutini. Dopo la sconfitta subita con la riforma Gelmini, il dissenso stenta a prendere corpo. La massa degli indifferenti prevale, almeno fino a quando i nodi verranno al pettine e i tagli toccheranno il portafoglio di insegnanti e genitori.<br \/>\nA voler essere ottimisti, per\u00f2, non \u00e8 detto che quest\u2019anomala assenza di proteste studentesche non rappresenti un fatto positivo. In fondo l\u2019occupazione d\u2019istituto in novembre era solo un tafferuglio, e qui servirebbe la rivoluzione. Era la valvola di sfogo momentanea che consentiva di rimettere la pentola a pressione sul fuoco senza il pericolo che scoppiasse.<br \/>\nAdesso qualcuno ha pure tappato la valvola: vediamo che succede.<\/p>\n","protected":false},"excerpt":{"rendered":"<p>Pubblichiamo qui un articolo apparso oggi sull&#8217;Unit\u00e0 che parla di mobilitazione studentesca. E voi studenti che ne pensate? Ci stiamo ad essere ritratti in questo modo?\u00e8 aperto il dibattito!!! Roberto Alajmo su Unit\u00e0.it \u00c8 passata la stagione classica, e niente occupazioni scolastiche. Nessuno sembra essersene accorto, ma \u00e8 un unicum: quest\u2019anno \u00e8 saltata la protesta [&hellip;]<\/p>\n","protected":false},"author":3,"featured_media":0,"comment_status":"open","ping_status":"open","sticky":false,"template":"","format":"standard","meta":[],"categories":[7],"tags":[],"_links":{"self":[{"href":"https:\/\/iopartecipo.azionecattolica.it\/index.php?rest_route=\/wp\/v2\/posts\/1025"}],"collection":[{"href":"https:\/\/iopartecipo.azionecattolica.it\/index.php?rest_route=\/wp\/v2\/posts"}],"about":[{"href":"https:\/\/iopartecipo.azionecattolica.it\/index.php?rest_route=\/wp\/v2\/types\/post"}],"author":[{"embeddable":true,"href":"https:\/\/iopartecipo.azionecattolica.it\/index.php?rest_route=\/wp\/v2\/users\/3"}],"replies":[{"embeddable":true,"href":"https:\/\/iopartecipo.azionecattolica.it\/index.php?rest_route=%2Fwp%2Fv2%2Fcomments&post=1025"}],"version-history":[{"count":2,"href":"https:\/\/iopartecipo.azionecattolica.it\/index.php?rest_route=\/wp\/v2\/posts\/1025\/revisions"}],"predecessor-version":[{"id":1027,"href":"https:\/\/iopartecipo.azionecattolica.it\/index.php?rest_route=\/wp\/v2\/posts\/1025\/revisions\/1027"}],"wp:attachment":[{"href":"https:\/\/iopartecipo.azionecattolica.it\/index.php?rest_route=%2Fwp%2Fv2%2Fmedia&parent=1025"}],"wp:term":[{"taxonomy":"category","embeddable":true,"href":"https:\/\/iopartecipo.azionecattolica.it\/index.php?rest_route=%2Fwp%2Fv2%2Fcategories&post=1025"},{"taxonomy":"post_tag","embeddable":true,"href":"https:\/\/iopartecipo.azionecattolica.it\/index.php?rest_route=%2Fwp%2Fv2%2Ftags&post=1025"}],"curies":[{"name":"wp","href":"https:\/\/api.w.org\/{rel}","templated":true}]}}