{"id":1028,"date":"2010-02-24T11:54:06","date_gmt":"2010-02-24T10:54:06","guid":{"rendered":"http:\/\/www.azionecattolica.it\/net\/iopartecipo\/?p=1028"},"modified":"2010-03-25T11:07:40","modified_gmt":"2010-03-25T10:07:40","slug":"eppure-si-puo","status":"publish","type":"post","link":"https:\/\/iopartecipo.azionecattolica.it\/?p=1028","title":{"rendered":"Eppur si pu\u00f2!"},"content":{"rendered":"<p style=\"text-align: justify;\"><em>Ricordate la <a href=\"http:\/\/www.azionecattolica.it\/net\/iopartecipo\/dico-la-mia\/lettera-aperta-di-un-prof-sui-tecnici\/\">lettera di quel prof di informatica di Lecce <\/a>pubblicata qualche tempo fa sul nostro blog? Ebbene, si trattava di una lettera aperta al Ministro Gelmini in cui l&#8217;istituto tecnico a cui apparteneva il professore chiedeva chiarimenti e provvedimenti in merito ai progetti di riforma dei tecnici, onde non comprimere eccessivamente i quadri orari di informatica, sacrificando cos\u00ec tanti progetti sperimentali cresciuti all&#8217;ombra dell&#8217;autonomia che avevano prodotto eccellenti risultati tra gli studenti e nel territorio. Oggi gli studenti e i docenti di quell&#8217;istituto gridano vittoria, perch\u00e8 pare che le loro istanze siano state ascoltate. Un esempio del fatto che forse la macchina ministeriale delle riforme non \u00e8 poi cos\u00ec impenetrabile e indifferente alle ragioni di chi la scuola la vive da dentro, tutti i giorni? Allora &#8220;battersi&#8221; per una scuola migliore si pu\u00f2, non \u00e8 vera la frase &#8220;tanto non cambia nulla&#8221;? voi che ne pensate? e voi, come state reagendo alle novit\u00e0 introdotte dalla riforma della scuola? siete combattivi (propositivamente!) o rassegnati?<\/em><\/p>\n<p class=\"MsoNormal\" style=\"text-align: center;\"><span style=\"font-size: 10pt; font-family: Arial;\">Dopo aver sollevato la questione a livello nazionale, giunge oggi la conferma<\/span><\/p>\n<p class=\"MsoNormal\" style=\"text-align: center;\"><strong><span style=\"font-size: 18pt; color: #ff0000; font-family: Arial;\">I docenti del\u00a0Costa di Lecce l&#8217;hanno spuntata<\/span><\/strong><\/p>\n<p class=\"MsoNormal\" style=\"text-align: center;\"><span style=\"font-size: x-large; color: #ff0000; font-family: Arial Black;\"><span style=\"font-size: 24pt; color: #ff0000; font-family: 'Arial Black';\">INFORMATICA RESTA!!!<\/span><\/span><\/p>\n<p class=\"MsoNormal\" style=\"text-align: center;\"><strong><span style=\"font-size: 12pt; color: #000000; font-family: Arial;\">Un grande risultato\u00a0per gli studenti, che\u00a0continueranno a trarre\u00a0benefici dall&#8217;eccellenza formativa sviluppata negli ultimi dieci anni dalla scuola\u00a0salentina<\/span><\/strong><\/p>\n<p><!--more--><\/p>\n<p class=\"MsoNormal\" style=\"TEXT-ALIGN: justify\">\u00a0<\/p>\n<p>\u00a0Gli istituti tecnici\u00a0sono riordinati e rafforzati dalla Riforma, con una nuova identit\u00e0 fondata sulla cultura tecnica e scientifico-tecnologica, che ne esalta il ruolo come scuole dell&#8217;innovazione permanente&#8230;.. Tutti gli istituti tecnici hanno la durata di cinque anni; sono suddivisi in due bienni e in un quinto anno, al termine del quale gli studenti sostengono l&#8217;esame di Stato e conseguono il diploma di istruzione tecnica, utile ai fini della continuazione degli studi in qualunque facolt\u00e0 universitaria, oltre che nei percorsi di istruzione e formazione tecnica superiore&#8230;&#8230; L&#8217;orario settimanale scende da 36 a 32 ore&#8230;.. <strong>Settore economico <\/strong>. L&#8217;indirizzo &#8220;Amministrazione, finanza e marketing&#8221; \u00e8 stato ridefinito in modo da prevedere due articolazioni, rispettivamente per &#8220;relazioni internazionali per il marketing&#8221; (ex periti aziendali e corrispondenti in lingue estere) e per i <strong>sistemi informativi aziendali<\/strong> (ex programmatori)\u00bb<\/p>\n<p>\u00a0<\/p>\n<p>Questi alcuni stralci del testo\u00a0pubblicato sul sito del Ministero dell&#8217;Istruzione e di AgenziaScuola: <a href=\"http:\/\/nuovitecnici.indire.it\/content\/index.php?action=lettura&amp;id_m=8089&amp;id_cnt=9224\">http:\/\/nuovitecnici.indire.it\/content\/index.php?action=lettura&amp;id_m=8089&amp;id_cnt=9224<\/a> Sempre sullo stesso sito sono stati pubblicati i <strong>quadri orari<\/strong>, dove si evince che nell&#8217;articolazione &#8220;<strong>Sistemi informativi aziendali<\/strong>&#8221; \u00e8 previsto l&#8217;insegnamento dell&#8217;Informatica nel 3\u00b0, 4\u00b0 e 5\u00b0 anno (rispettivamente 132, 165 e 165 ore), oltre alle gi\u00e0 precedentemente previste 66 ore al 1\u00b0 e al 2\u00b0 anno: clicca <span style=\"font-size: 10pt; color: #000000; font-family: Verdana; mso-fareast-font-family: 'Times New Roman'; mso-bidi-font-family: 'Times New Roman'; mso-ansi-language: IT; mso-fareast-language: IT; mso-bidi-language: AR-SA;\"><a href=\"http:\/\/www.indire.it\/lucabas\/lkmw_file\/nuovi_tecnici\/Profili_QuadriOrari_tecnici_ALL_B_C_regolamento_definitivo.pdf\">qui il link<\/a><\/span><\/p>\n<p>\u00a0<\/p>\n<p>La questione era stata sollevata a novembre scorso quando i docenti di Informatica dell&#8217;Istituto Tecnico &#8220;Costa&#8221; di Lecce hanno inviato una lettera aperta al <strong>Ministro Mariastella Gelmini<\/strong> con la specifica richiesta di\u00a0riconsiderare gli indirizzi del settore economico e di prevedere possibilmente la continuit\u00e0\u00a0del percorso di eccellenza cha la scuola salentina stava conducendo da diversi anni e che le ha fatto meritare\u00a0il titolo di <strong>scuola pi\u00f9 premiata d&#8217;Italia per l&#8217;informatica e per i servizi web<\/strong> (in coda uno stralcio dei premi e dei riconoscimenti ottenuti). A supporto dell&#8217;osservazione sollevata dai docenti, sono poi giunti anche\u00a0<strong>i pareri delle Commissioni della <a href=\"http:\/\/www.indire.it\/lucabas\/lkmw_file\/nuovi_tecnici\/proposta%20di%20parere%20133%20del%2019.01.2010.pdf\">Camera<\/a> e del <a href=\"http:\/\/www.indire.it\/lucabas\/lkmw_file\/nuovi_tecnici\/parere%20senato%20ist%20tec.pdf\">Senato<\/a><\/strong>.<\/p>\n<p>L&#8217;Istituto\u00a0leccese negli ultimi dieci anni ha raggiunto la <a href=\"http:\/\/www.nonsolofannulloni.forumpa.it\/100-storie\/segnalazioni-dalla-pa\/?id=969\">qualifica di eccellenza<\/a> e si \u00e8 distinto a livello nazionale ed internazionale\u00a0proprio per l&#8217;atteggiamento avanguardista e per la profonda e accurata attenzione rivolta ai nuovi sistemi di comunicazione attraverso l&#8217;uso dell&#8217;informatica e lo studio del web e dei suoi servizi. Ha\u00a0percepito per primo le potenzialit\u00e0 della rete Internet, essendo stata la prima scuola in Italia ad aver attivato un web server in sede nel 1994, e da allora\u00a0\u00e8 riuscita a specializzare\u00a0gli alunni e le alunne nell&#8217;uso delle pi\u00f9 innovative tecnologie di comunicazione, avviandoli verso professioni richiestissime nel mondo dell&#8217;imprenditoria e dell&#8217;economia, proprio come ci si aspetta da un Istituto Tecnico Commerciale.<\/p>\n<p>Non solo, il &#8220;Costa&#8221; \u00e8 probabilmente l&#8217;unica scuola in Italia ad aver creato nel 2004 al suo interno una vera e propria societ\u00e0 di lavoro (Arianoa s.c.r.l. &#8211; <a href=\"http:\/\/www.arianoa.it\/\">www.arianoa.it<\/a>) che ha per soci i diplomati dell&#8217;istituto e che funge da incubatore di lavoro nei settori del web design e del web marketing,\u00a0offrendo l&#8217;opportunit\u00e0\u00a0ai propri studenti di inserirsi immediatamente dopo il diploma in un contesto lavorativo reale e di avanguardia.<\/p>\n<p>Ringraziamo per l&#8217;attenzione e auguriamo buon lavoro.<\/p>\n<p>I docenti di Informatica<\/p>\n<p>dell&#8217;ITC Costa di Lecce<\/p>\n<p><strong>&#8212;&#8212;&#8212;&#8212;&#8212;&#8212;&#8212;&#8212;&#8212;&#8212;&#8212;&#8212;&#8212;&#8212;&#8212;<\/strong><\/p>\n<p><strong>Premi e riconoscimenti dell&#8217;ITC &#8220;Costa&#8221; di Lecce in tema di Informatica \/ Web Design \/ Web Marketing:<\/strong><\/p>\n<p>\u00a0<\/p>\n<ul>\n<li>vincitore nel 2000 del premio USA &#8220;Best of the Blues Website Award&#8221; della &#8220;International Blues Appreciation and Preservation Society&#8221; per la progettazione e realizzazione del portale web &#8220;Blues &amp; Blues&#8221;, (<a href=\"http:\/\/www.bluesandblues.it\/\">www.bluesandblues.it<\/a>);<\/li>\n<li>vincitori per due anni di seguito (2005 e 2006) del concorso &#8220;L&#8217;Europa alla Lavagna&#8221; indetto dalla Commissione Europea (<a href=\"http:\/\/www.europaallalavagna.it\/concorso2005.htm\">www.europaallalavagna.it\/concorso2005.htm<\/a>) per la realizzazione di siti web. Nel 2005 gli alunni sono stati premiati direttamente dal Presidente della Repubblica Carlo Azeglio Ciampi presso il Quirinale;<\/li>\n<li>vincitori nel 2006 del premio nazionale &#8220;Scuola, Creativit\u00e0 e Innovazione&#8221; indetto da Unioncamere (<a href=\"http:\/\/www.unioncamere.it\/Unioncamere_gestione\/allegati\/com_premi_scuola2006.doc\">www.unioncamere.it\/Unioncamere_gestione\/allegati\/com_premi_scuola2006.doc<\/a>) per il progetto &#8220;SOSInfo&#8221;;<\/li>\n<li>vincitori nel 2006 del concorso nazionale &#8220;Conoscere e raccontare i prodotti tipici dell&#8217;agricoltura&#8221; indetto da Agriturist e Confagricolturaper la realizzazione delportale &#8220;AgriTipicoItalia&#8221; (<a href=\"http:\/\/www.costa.clio.it\/agritipico\">www.costa.clio.it\/agritipico<\/a>);<\/li>\n<li>riconoscimento nel 2008 di &#8220;Amministrazione Eccellente&#8221; da parte del Ministro Brunetta per ipremi ottenuti;<\/li>\n<li>incaricoda parte di RAI Cinema per la realizzazione del sito ufficiale del film &#8220;Galantuomini&#8221; (<a href=\"http:\/\/www.galantuomini.it\/\">www.galantuomini.it<\/a>) di Edoardo Winspeare;<\/li>\n<li>vincitori nel 2009 del &#8220;Premio Internazionale della cultura&#8221; da parte dell&#8217;A.E.D.E. Association Europ\u00e9enne des Enseignants per la realizzazione e pubblicazione del portale &#8220;Discover Salento&#8221; (<a href=\"http:\/\/www.discoversalento.org\/\">www.discoversalento.org<\/a>);<\/li>\n<li>medalglia del Presidente della Repubblica Giorgio Napolitano nel 2009 per il portale e per il movimento &#8220;GPace &#8211; Giovani per la Pace&#8221; (<a href=\"http:\/\/www.gpace.net\/\">www.gpace.net<\/a>);<\/li>\n<li>vincitori nel 2009 del &#8220;Premio Ernesto Alvino&#8221; per l&#8217;attivit\u00e0 di comunicazione attraverso il web;<\/li>\n<li>Premio &#8220;eContent Award 2009&#8221; da parte della Fondazione Politecnico di Milano per il reality scolastico formativo &#8220;Class Action&#8221; (<a href=\"http:\/\/www.classactionreality.it\/\">www.classactionreality.it<\/a>)<\/li>\n<\/ul>\n","protected":false},"excerpt":{"rendered":"<p>Ricordate la lettera di quel prof di informatica di Lecce pubblicata qualche tempo fa sul nostro blog? Ebbene, si trattava di una lettera aperta al Ministro Gelmini in cui l&#8217;istituto tecnico a cui apparteneva il professore chiedeva chiarimenti e provvedimenti in merito ai progetti di riforma dei tecnici, onde non comprimere eccessivamente i quadri orari [&hellip;]<\/p>\n","protected":false},"author":3,"featured_media":0,"comment_status":"open","ping_status":"open","sticky":false,"template":"","format":"standard","meta":[],"categories":[7],"tags":[],"_links":{"self":[{"href":"https:\/\/iopartecipo.azionecattolica.it\/index.php?rest_route=\/wp\/v2\/posts\/1028"}],"collection":[{"href":"https:\/\/iopartecipo.azionecattolica.it\/index.php?rest_route=\/wp\/v2\/posts"}],"about":[{"href":"https:\/\/iopartecipo.azionecattolica.it\/index.php?rest_route=\/wp\/v2\/types\/post"}],"author":[{"embeddable":true,"href":"https:\/\/iopartecipo.azionecattolica.it\/index.php?rest_route=\/wp\/v2\/users\/3"}],"replies":[{"embeddable":true,"href":"https:\/\/iopartecipo.azionecattolica.it\/index.php?rest_route=%2Fwp%2Fv2%2Fcomments&post=1028"}],"version-history":[{"count":18,"href":"https:\/\/iopartecipo.azionecattolica.it\/index.php?rest_route=\/wp\/v2\/posts\/1028\/revisions"}],"predecessor-version":[{"id":1070,"href":"https:\/\/iopartecipo.azionecattolica.it\/index.php?rest_route=\/wp\/v2\/posts\/1028\/revisions\/1070"}],"wp:attachment":[{"href":"https:\/\/iopartecipo.azionecattolica.it\/index.php?rest_route=%2Fwp%2Fv2%2Fmedia&parent=1028"}],"wp:term":[{"taxonomy":"category","embeddable":true,"href":"https:\/\/iopartecipo.azionecattolica.it\/index.php?rest_route=%2Fwp%2Fv2%2Fcategories&post=1028"},{"taxonomy":"post_tag","embeddable":true,"href":"https:\/\/iopartecipo.azionecattolica.it\/index.php?rest_route=%2Fwp%2Fv2%2Ftags&post=1028"}],"curies":[{"name":"wp","href":"https:\/\/api.w.org\/{rel}","templated":true}]}}