{"id":1037,"date":"2010-03-04T09:38:18","date_gmt":"2010-03-04T08:38:18","guid":{"rendered":"http:\/\/www.azionecattolica.it\/net\/iopartecipo\/?p=1037"},"modified":"2010-03-04T09:59:31","modified_gmt":"2010-03-04T08:59:31","slug":"questione-crocifisso-accettato-il-ricorso","status":"publish","type":"post","link":"https:\/\/iopartecipo.azionecattolica.it\/?p=1037","title":{"rendered":"Questione crocifisso: accettato il ricorso"},"content":{"rendered":"<p style=\"text-align: justify;\">La Corte di Strasburgo ha accolto la richiesta del governo italiano di riesaminare la sentenza europea (attenzione: solo il riesame della sentenza, ci\u00f2 non vuol dire che sia\u00a0stata annullata la sentenza) che considera l&#8217;esposizione del crocifisso nelle aule scolastiche come &#8220;una violazione dei diritti fondamentali dei cittadini all&#8217;istruzione e alla libert\u00e0 di pensiero, coscienza e religione&#8221;.<\/p>\n<p style=\"text-align: justify;\">La Corte europea dei diritti dell&#8217;uomo, infatti, ha deciso di rinviare il procedimento, con il quale aveva dichiarata quanto riportato pi\u00f9 su, all&#8217;esame della Grande Camera (che rappresenta il massimo organismo giudicante della Corte e che \u00e8 composto da 17 giudici) la quale in pochi mesi dovr\u00e0 emettere la sentenza definitiva.<\/p>\n<p style=\"text-align: justify;\">L&#8217;accettazione dell&#8217;ammissibilit\u00e0 del ricorso, per ora, non cambia nulla. La notizia dell&#8217;ammissibilit\u00e0 del ricorso \u00e8 stata accolta con molto favore sia dal governo (ministri Gelmini e Frattini in primis), dalla Conferenza Episcopale Italiana (CEI) e, anche, da molti esponenti di opposizione fra i quali la responsabile scuola del PD, Maria Pia Garavaglia.<\/p>\n","protected":false},"excerpt":{"rendered":"<p>La Corte di Strasburgo ha accolto la richiesta del governo italiano di riesaminare la sentenza europea (attenzione: solo il riesame della sentenza, ci\u00f2 non vuol dire che sia\u00a0stata annullata la sentenza) che considera l&#8217;esposizione del crocifisso nelle aule scolastiche come &#8220;una violazione dei diritti fondamentali dei cittadini all&#8217;istruzione e alla libert\u00e0 di pensiero, coscienza e [&hellip;]<\/p>\n","protected":false},"author":5,"featured_media":0,"comment_status":"open","ping_status":"open","sticky":false,"template":"","format":"standard","meta":[],"categories":[5,6],"tags":[207,51,24,206,22],"_links":{"self":[{"href":"https:\/\/iopartecipo.azionecattolica.it\/index.php?rest_route=\/wp\/v2\/posts\/1037"}],"collection":[{"href":"https:\/\/iopartecipo.azionecattolica.it\/index.php?rest_route=\/wp\/v2\/posts"}],"about":[{"href":"https:\/\/iopartecipo.azionecattolica.it\/index.php?rest_route=\/wp\/v2\/types\/post"}],"author":[{"embeddable":true,"href":"https:\/\/iopartecipo.azionecattolica.it\/index.php?rest_route=\/wp\/v2\/users\/5"}],"replies":[{"embeddable":true,"href":"https:\/\/iopartecipo.azionecattolica.it\/index.php?rest_route=%2Fwp%2Fv2%2Fcomments&post=1037"}],"version-history":[{"count":4,"href":"https:\/\/iopartecipo.azionecattolica.it\/index.php?rest_route=\/wp\/v2\/posts\/1037\/revisions"}],"predecessor-version":[{"id":1042,"href":"https:\/\/iopartecipo.azionecattolica.it\/index.php?rest_route=\/wp\/v2\/posts\/1037\/revisions\/1042"}],"wp:attachment":[{"href":"https:\/\/iopartecipo.azionecattolica.it\/index.php?rest_route=%2Fwp%2Fv2%2Fmedia&parent=1037"}],"wp:term":[{"taxonomy":"category","embeddable":true,"href":"https:\/\/iopartecipo.azionecattolica.it\/index.php?rest_route=%2Fwp%2Fv2%2Fcategories&post=1037"},{"taxonomy":"post_tag","embeddable":true,"href":"https:\/\/iopartecipo.azionecattolica.it\/index.php?rest_route=%2Fwp%2Fv2%2Ftags&post=1037"}],"curies":[{"name":"wp","href":"https:\/\/api.w.org\/{rel}","templated":true}]}}