{"id":1046,"date":"2010-03-06T12:54:24","date_gmt":"2010-03-06T11:54:24","guid":{"rendered":"http:\/\/www.azionecattolica.it\/net\/iopartecipo\/?p=1046"},"modified":"2010-03-06T13:06:20","modified_gmt":"2010-03-06T12:06:20","slug":"concorso-ofm-inviateci-i-vostri-lavori","status":"publish","type":"post","link":"https:\/\/iopartecipo.azionecattolica.it\/?p=1046","title":{"rendered":"Concorso OFM. Inviateci le vostre foto!!!!"},"content":{"rendered":"<p style=\"text-align: center;\">Carissimi msacchini! \u00e9 ancora possibile inviare i vostri elaborati per il grande <strong>concorso OFM<\/strong>!!!Non abbiate paura di mettervi in gioco! di seguito il testo del concorso&#8230; <strong>VI RICORDIAMO CHE IN PALIO CI SONO SCONTI PER LA PARTECIPAZIONE ALLA SFS!!!!!!!!!!!!!!!!!!!!!!!!<\/strong><\/p>\n<p class=\"MsoNormal\" style=\"margin-left: 177.25pt; line-height: 80%;\"><img loading=\"lazy\" class=\"alignright\" src=\"http:\/\/sfs2010.azionecattolica.it\/wp-content\/uploads\/2010\/01\/logo-sfs1.jpg\" alt=\"\" width=\"288\" height=\"348\" \/><strong><\/strong><\/p>\n<p class=\"MsoNormal\" style=\"margin-left: 177.25pt; text-align: center; line-height: 80%;\">\n<p class=\"MsoNormal\" style=\"margin-left: 177.25pt; text-align: center; line-height: 80%;\"><strong><span style=\"font-family: Garamond; color: #7e0021;\">Concorso <\/span><\/strong><\/p>\n<p class=\"MsoNormal\" style=\"text-align: center; line-height: 80%;\"><strong><span style=\"font-size: 14pt; line-height: 80%; font-family: Garamond; color: #7e0021;\">CREATTIVITA<\/span><\/strong><strong><span style=\"font-size: 14pt; line-height: 80%; font-family: Garamond;\">\u2019<\/span><\/strong><\/p>\n<p class=\"MsoNormal\" style=\"line-height: 80%;\"><span style=\"font-size: 8pt; line-height: 80%; font-family: Verdana;\"> <\/span><\/p>\n<p class=\"MsoNormal\" style=\"text-align: justify; line-height: 10pt;\"><span style=\"font-size: 8pt; font-family: Verdana;\"> <\/span><\/p>\n<p class=\"MsoNormal\" style=\"text-align: justify; line-height: 10pt;\"><span style=\"font-size: 8pt; font-family: Verdana;\"><span> <\/span>Udite! Udite!<\/span><\/p>\n<p class=\"MsoNormal\" style=\"line-height: 10pt;\"><span style=\"font-size: 8pt; font-family: Verdana;\">Msacchine e msacchini, Segretarie e segretari in movimento! Simpatizzanti (e simpatici) del Msac! Dopo avervi lanciato l&#8217;oneroso guanto di sfida per l&#8217;ideazione di questa edizione 2009 dell&#8217;Oktober Fest, intendiamo offrirvi ambiti premi per i meriti del vostro impegno<\/span><\/p>\n<p class=\"MsoNormal\" style=\"line-height: 10pt;\"><span style=\"font-size: 8pt; font-family: Verdana;\"> <\/span><\/p>\n<p class=\"MsoNormal\" style=\"text-align: justify; line-height: 10pt;\"><span style=\"font-size: 8pt; font-family: Verdana;\">\u00c8 indetto indi pubblico concorso, aperto a tutti i circoli d\u2019Italia, per la conquista dei prestigiosi riconoscimenti. Coloro che dimostreranno di aver attuato la <em>ratio <\/em>di questo Oktober Fest, ovvero la sfida del <strong>coinvolgimento di altri studenti nelle fasi di ideazione e realizzazione <\/strong>dell&#8217;evento, mettendoci<span> <\/span>l\u2019anima, impegnandosi a fondo, combattendo ogni avversit\u00e0, dedicando tempo, denaro e salute alla causa studentesca, avranno la possibilit\u00e0 di vincere i superiperbolici premi messi in palio. Non lasciatevi scappare questa occasione! Aprite bene gli occhi e sturate a fondo le orecchie!<\/span><\/p>\n<p class=\"MsoNormal\" style=\"text-align: justify; line-height: 10pt;\"><span style=\"font-size: 8pt; font-family: Verdana;\"> <\/span><\/p>\n<p class=\"MsoNormal\" style=\"text-align: justify; line-height: 10pt;\"><span style=\"font-size: 8pt; font-family: Verdana;\">Come verranno valutati gli operati diocesani? Saranno premiati i circoli che documenteranno (con una foto emblematica che sintetizzi da sola la caratteristica peculiare dell&#8217;OFM diocesano e un articolo dattiloscritto da pubblicare sul blog \u201cio partecipo\u201d) o le fasi del lavoro preparatorio del loro fantasmagorico OFM 2009 o la sua realizzazione concreta. Badate bene! <em>Requisito fondamentale per la partecipazione al concorso \u00e8 il coinvolgimento di altri studenti nell&#8217;ideazione e realizzazione. <\/em>Non importa invece se il percorso di realizzazione dell&#8217;OKtober Fest ha portato al top o al nulla, a fantasmagorici o timidi risultati. Ad essere premiato \u00e8 prima di tutto il metodo utilizzato lungo il percorso, mentre la modalit\u00e0 e l&#8217;esito della realizzazione concreta dell&#8217;OFM costituir\u00e0 criterio per la partecipazione della diocesi all&#8217;una o all&#8217;altra categoria di concorso. Non conta dunque la meta ma il viaggio e non c&#8217;\u00e8 da fare i timidi, o rinunciare ad inviare la domanda di partecipazione per paura di aver fatto poco. Premiamo infatti tutta la gamma di successi (e insuccessi) msacchini. L&#8217;importante \u00e8 <em>la ratio!<\/em><\/span><\/p>\n<p class=\"MsoNormal\" style=\"line-height: 10pt;\"><span style=\"font-size: 8pt; font-family: Verdana;\">Per partecipare \u00e8 necessario inviare a <span style=\"color: maroon;\">msac@azionecattolica.it <\/span>il suddetto materiale (articolo e foto &#8211; e non una foto qualsiasi) entro e non oltre il <strong><span style=\"color: maroon;\">10 aprile 2010<\/span><\/strong><\/span><\/p>\n<p class=\"MsoNormal\" style=\"text-align: justify; line-height: 10pt;\"><span style=\"font-size: 8pt; font-family: Verdana;\"> <\/span><\/p>\n<p class=\"MsoNormal\" style=\"text-align: justify; line-height: 10pt;\"><span style=\"font-size: 8pt; font-family: Verdana;\">Come annunciato, sono aperte diverse classi di concorso . Ciascun circolo pur potendo partecipare a tutte le classi potr\u00e0 essere selezionato come vincitore di una sola di esse. Le classi sono le seguenti:<\/span><\/p>\n<p class=\"MsoNormal\" style=\"text-align: justify; line-height: 10pt;\"><em><span style=\"font-size: 8pt; font-family: Verdana;\"> <\/span><\/em><\/p>\n<p class=\"MsoNormal\" style=\"line-height: 10pt;\"><em><span style=\"font-size: 8pt; font-family: Verdana;\">Quelli che\u2026 tutti per uno, uno per tutti!<\/span><\/em><\/p>\n<p class=\"MsoNormal\" style=\"text-align: justify; line-height: 10pt;\"><span style=\"font-size: 8pt; font-family: Verdana;\">Per coloro che lavorano in gruppo, che si dividono i compiti (pure quelli per casa), che sanno ben organizzarsi ma soprattutto essere una <span style=\"text-decoration: underline;\">squadra<\/span><\/span><span style=\"font-size: 8pt; font-family: Verdana;\">\u2026<\/span><\/p>\n<p class=\"MsoNormal\" style=\"text-align: justify; line-height: 10pt;\"><span style=\"font-size: 8pt; font-family: Verdana;\"> <\/span><\/p>\n<p class=\"MsoNormal\" style=\"text-align: justify; line-height: 10pt;\"><em><span style=\"font-size: 8pt; font-family: Verdana;\">Quelli che\u2026chi la dura la vince!<\/span><\/em><\/p>\n<p class=\"MsoNormal\" style=\"text-align: justify; line-height: 10pt;\"><span style=\"font-size: 8pt; font-family: Verdana;\">Per coloro che nonostante tutto vada a rotoli, nonostante il mondo sembri avercela con loro, nonostante \u201ccapitano tutte a noi\u201d\u2026insomma per quelli sfigati\u2026 ma che <span style=\"text-decoration: underline;\">non molleranno mai<\/span>!<\/span><\/p>\n<p class=\"MsoNormal\" style=\"text-align: justify; line-height: 10pt;\"><span style=\"font-size: 8pt; font-family: Verdana;\"> <\/span><\/p>\n<p class=\"MsoNormal\" style=\"text-align: justify; line-height: 10pt;\"><em><span style=\"font-size: 8pt; font-family: Verdana;\">Quelli che\u2026sognano alto<\/span><\/em><\/p>\n<p class=\"MsoNormal\" style=\"text-align: justify; line-height: 10pt;\"><span style=\"font-size: 8pt; font-family: Verdana;\">Per coloro che a scuola ci vanno sul tappeto volante, coloro che balzano sul loro scooter come fosse un bianco destriero, coloro che hanno appena aiutato un bambino a tirar fuori una spada da una roccia\u2026 insomma per coloro che hanno <span style=\"text-decoration: underline;\">fantasia<\/span> da vendere (ma la utilizzano gratis!).<\/span><\/p>\n<p class=\"MsoNormal\" style=\"text-align: justify; line-height: 10pt;\"><span style=\"font-size: 8pt; font-family: Verdana;\"> <\/span><\/p>\n<p class=\"MsoNormal\" style=\"text-align: justify; line-height: 10pt;\"><em><span style=\"font-size: 8pt; font-family: Verdana;\">Quelli che\u2026sanno fiutare i banchi<\/span><\/em><\/p>\n<p class=\"MsoNormal\" style=\"text-align: justify; line-height: 10pt;\"><span style=\"font-size: 8pt; font-family: Verdana;\">Per coloro che neanche Sherlock Holmes\u2026 Per coloro che sanno indagare per <span style=\"text-decoration: underline;\">cogliere le esigenze della loro scuola<\/span> meglio di chiunque altro, e che con il loro eccezionale intuito sanno rispondervi.<\/span><\/p>\n<p class=\"MsoNormal\" style=\"text-align: justify; line-height: 10pt;\"><span style=\"font-size: 8pt; font-family: Verdana;\"> <\/span><\/p>\n<p class=\"MsoNormal\" style=\"line-height: 10pt;\"><span style=\"font-size: 8pt; font-family: Verdana;\">Allora siete pronti? Siete caldi? SIII PAAAARTE!<\/span><\/p>\n<p class=\"MsoNormal\" style=\"line-height: 10pt;\"><span style=\"font-size: 8pt; font-family: Verdana;\">Per dove? Cio\u00e8 qual \u00e8 il premio? Ma non eravate voi quelli del \u201cl\u2019importante \u00e8 partecipare\u201d?<\/span><\/p>\n<p class=\"MsoNormal\" style=\"text-align: justify; line-height: 10pt;\"><span style=\"font-size: 8pt; font-family: Verdana;\">E vabb\u00e8\u2026 i vincitori di ciascuna categoria otterranno per il loro circolo <strong><span style=\"text-decoration: underline;\">una partecipazione gratis<\/span><\/strong> all\u2019attesissima SFS 2010!!!<span> <\/span>E soprattutto a tutti l\u2019onore e la gloria di rivedere le proprie foto proiettate sul palco della SFS!!!<\/span><\/p>\n<p class=\"MsoNormal\"><span style=\"font-size: 8pt; font-family: Verdana;\">Aspettiamo i vostri lavori! Non vediamo l\u2019ora! Udite! Udite!<\/span><\/p>\n","protected":false},"excerpt":{"rendered":"<p>Carissimi msacchini! \u00e9 ancora possibile inviare i vostri elaborati per il grande concorso OFM!!!Non abbiate paura di mettervi in gioco! di seguito il testo del concorso&#8230; VI RICORDIAMO CHE IN PALIO CI SONO SCONTI PER LA PARTECIPAZIONE ALLA SFS!!!!!!!!!!!!!!!!!!!!!!!! Concorso CREATTIVITA\u2019 Udite! Udite! Msacchine e msacchini, Segretarie e segretari in movimento! Simpatizzanti (e simpatici) del [&hellip;]<\/p>\n","protected":false},"author":3,"featured_media":0,"comment_status":"open","ping_status":"open","sticky":false,"template":"","format":"standard","meta":[],"categories":[14,6,3,12],"tags":[],"_links":{"self":[{"href":"https:\/\/iopartecipo.azionecattolica.it\/index.php?rest_route=\/wp\/v2\/posts\/1046"}],"collection":[{"href":"https:\/\/iopartecipo.azionecattolica.it\/index.php?rest_route=\/wp\/v2\/posts"}],"about":[{"href":"https:\/\/iopartecipo.azionecattolica.it\/index.php?rest_route=\/wp\/v2\/types\/post"}],"author":[{"embeddable":true,"href":"https:\/\/iopartecipo.azionecattolica.it\/index.php?rest_route=\/wp\/v2\/users\/3"}],"replies":[{"embeddable":true,"href":"https:\/\/iopartecipo.azionecattolica.it\/index.php?rest_route=%2Fwp%2Fv2%2Fcomments&post=1046"}],"version-history":[{"count":6,"href":"https:\/\/iopartecipo.azionecattolica.it\/index.php?rest_route=\/wp\/v2\/posts\/1046\/revisions"}],"predecessor-version":[{"id":1049,"href":"https:\/\/iopartecipo.azionecattolica.it\/index.php?rest_route=\/wp\/v2\/posts\/1046\/revisions\/1049"}],"wp:attachment":[{"href":"https:\/\/iopartecipo.azionecattolica.it\/index.php?rest_route=%2Fwp%2Fv2%2Fmedia&parent=1046"}],"wp:term":[{"taxonomy":"category","embeddable":true,"href":"https:\/\/iopartecipo.azionecattolica.it\/index.php?rest_route=%2Fwp%2Fv2%2Fcategories&post=1046"},{"taxonomy":"post_tag","embeddable":true,"href":"https:\/\/iopartecipo.azionecattolica.it\/index.php?rest_route=%2Fwp%2Fv2%2Ftags&post=1046"}],"curies":[{"name":"wp","href":"https:\/\/api.w.org\/{rel}","templated":true}]}}