{"id":1053,"date":"2010-03-17T13:07:15","date_gmt":"2010-03-17T12:07:15","guid":{"rendered":"http:\/\/www.azionecattolica.it\/net\/iopartecipo\/?p=1053"},"modified":"2010-03-17T13:07:15","modified_gmt":"2010-03-17T12:07:15","slug":"meno-di-un-mese-alla-sfs-iscrizioni-ancora-aperte","status":"publish","type":"post","link":"https:\/\/iopartecipo.azionecattolica.it\/?p=1053","title":{"rendered":"Meno di un mese alla SFS! Iscrizioni ancora aperte"},"content":{"rendered":"<p style=\"text-align: center\"><a href=\"http:\/\/www.sfs.azionecattolica.it\/\"><img loading=\"lazy\" class=\"aligncenter\" src=\"http:\/\/sfs2010.azionecattolica.it\/wp-content\/uploads\/2010\/01\/locandina-sfs-definitiva.jpg\" alt=\"\" width=\"339\" height=\"515\" \/><\/a><\/p>\n<p style=\"text-align: justify\">Manca meno di un mese all&#8217;attesissimo appuntamento del triennio. Anzi, degli ultimi cento anni! Perch\u00e8 in questo 2010 l&#8217;AC festeggia ben cento anni dall&#8217;invenzione del mitico <strong>Movimento Studenti<\/strong> (MSAC). E allora ecco il regalo che l&#8217;AC fa a tutti i giovanissimi per quest&#8217;importante compleanno, il modo migliore per spegnere le candeline sulla centenaria torta.<\/p>\n<p style=\"text-align: justify\">Tre giorni di confronto, passione, dibattito, formazione, partezipazione!<\/p>\n<p style=\"text-align: justify\">E&#8217; la <strong>Scuola di Formazione per Studenti (SFS), <\/strong>l&#8217;appuntamento nazionale che riunir\u00e0 2000 studenti delle scuole superiori di tutta Italia, provenienti dalle diocesi di ogni angolo dello stivale! Tre giorni di confronto con ospiti delle istituzioni, del mondo della cultura, dello spettacolo, della musica. Tre giorni di laboratori, dibattiti, musica e tanto altro. Il tema scelto quest&#8217;anno \u00e8 la cittadinanza e la partecipazione al bene comune e il titolo \u00e8 <strong>La scuola che lascia il segno! <\/strong>Proprio perch\u00e8 la scuola pu\u00f2 essere un&#8217;esperienza da vivere appieno, capace di dare coraggio, responsabilit\u00e0, passione, consapevolezza!<\/p>\n<p style=\"text-align: justify\">E a proposito di segni segnatevi <strong>la data: 16-18 aprile 2010, a RIMINI. <\/strong>E l&#8217;assenza da scuola? Niente paura! La sfs ha il patrocinio del MInistero dell&#8217;istruzione e l&#8217;alto patronato della presidenza dlela Repubblica e perci\u00f2 \u00e8 gi\u00e0 passato nei vostri istituti (chiedete al preside) una circolare apposita che promuove l&#8217;iniziativa e la segnala come valevole ai fini <strong>del credito formativo e della giustificazione dell&#8217;assenza.<\/strong><\/p>\n<p style=\"text-align: justify\"><strong>E il viaggio? <\/strong>Niente paura, \u00e8 tutto GRATIS! Con una quota di <strong>120 euro<\/strong> avrete alloggio e pasti per tre giorni negli alberghi di Rimini e trasporto compreso da casa vostra a Rimini e ritorno!<\/p>\n<p style=\"text-align: justify\">E allora che aspettate??? non potete mancare! <a href=\"http:\/\/www.sfs.azionecattolica.it\/\">www.sfs.azionecattolica.it<\/a><\/p>\n","protected":false},"excerpt":{"rendered":"<p>Manca meno di un mese all&#8217;attesissimo appuntamento del triennio. Anzi, degli ultimi cento anni! Perch\u00e8 in questo 2010 l&#8217;AC festeggia ben cento anni dall&#8217;invenzione del mitico Movimento Studenti (MSAC). E allora ecco il regalo che l&#8217;AC fa a tutti i giovanissimi per quest&#8217;importante compleanno, il modo migliore per spegnere le candeline sulla centenaria torta. Tre [&hellip;]<\/p>\n","protected":false},"author":3,"featured_media":0,"comment_status":"open","ping_status":"open","sticky":false,"template":"","format":"standard","meta":[],"categories":[6],"tags":[],"_links":{"self":[{"href":"https:\/\/iopartecipo.azionecattolica.it\/index.php?rest_route=\/wp\/v2\/posts\/1053"}],"collection":[{"href":"https:\/\/iopartecipo.azionecattolica.it\/index.php?rest_route=\/wp\/v2\/posts"}],"about":[{"href":"https:\/\/iopartecipo.azionecattolica.it\/index.php?rest_route=\/wp\/v2\/types\/post"}],"author":[{"embeddable":true,"href":"https:\/\/iopartecipo.azionecattolica.it\/index.php?rest_route=\/wp\/v2\/users\/3"}],"replies":[{"embeddable":true,"href":"https:\/\/iopartecipo.azionecattolica.it\/index.php?rest_route=%2Fwp%2Fv2%2Fcomments&post=1053"}],"version-history":[{"count":1,"href":"https:\/\/iopartecipo.azionecattolica.it\/index.php?rest_route=\/wp\/v2\/posts\/1053\/revisions"}],"predecessor-version":[{"id":1054,"href":"https:\/\/iopartecipo.azionecattolica.it\/index.php?rest_route=\/wp\/v2\/posts\/1053\/revisions\/1054"}],"wp:attachment":[{"href":"https:\/\/iopartecipo.azionecattolica.it\/index.php?rest_route=%2Fwp%2Fv2%2Fmedia&parent=1053"}],"wp:term":[{"taxonomy":"category","embeddable":true,"href":"https:\/\/iopartecipo.azionecattolica.it\/index.php?rest_route=%2Fwp%2Fv2%2Fcategories&post=1053"},{"taxonomy":"post_tag","embeddable":true,"href":"https:\/\/iopartecipo.azionecattolica.it\/index.php?rest_route=%2Fwp%2Fv2%2Ftags&post=1053"}],"curies":[{"name":"wp","href":"https:\/\/api.w.org\/{rel}","templated":true}]}}