{"id":1075,"date":"2010-03-31T17:51:16","date_gmt":"2010-03-31T16:51:16","guid":{"rendered":"http:\/\/www.azionecattolica.it\/net\/iopartecipo\/?p=1075"},"modified":"2010-03-31T17:51:16","modified_gmt":"2010-03-31T16:51:16","slug":"polemica-sulla-resistenza-dove-sta-la-cattiva-fede","status":"publish","type":"post","link":"https:\/\/iopartecipo.azionecattolica.it\/?p=1075","title":{"rendered":"Polemica sulla Resistenza. Dove sta la cattiva fede?"},"content":{"rendered":"<p style=\"text-align: justify;\">In questi giorni assistiamo a voci discordanti riguardo alla presunta dimenticanza della voce &#8220;Resistenza&#8221; nella bozza delle linee guida per i nuovi licei. Le accuse di omissione volontaria sono state pesanti e c&#8217;\u00e8 chi ha denunciato la censura della memoria, mentre al Ministero tentano la difesa scusandosi per la mancata esplicitazione. <a href=\"http:\/\/www.tuttoscuola.com\/cgi-local\/disp.cgi?ID=22492\">C&#8217;\u00e8 anche chi sottolinea <\/a>che la stessa presunta dimenticanza esiste pure nei programmi della scuola media, operativi gi\u00e0 da molti anni dopo la riforma Moratti, eppure nessuno o se ne \u00e8 mai accorto o ha mai denunciato la cosa.<\/p>\n<p style=\"text-align: justify;\">Cari msacchini, desideriamo sapere quale sia il vostro pensiero al riguardo.<\/p>\n<p style=\"text-align: justify;\">La storia \u00e8 una cosa preziosissima (ne parlo con qualche cognizione di causa) ma si presta spesso da un lato a banalizzazioni e facili dimenticanze e dall&#8217;altro a forti strumentalizzazioni.<\/p>\n<p style=\"text-align: justify;\">La Resistenza \u00e8 uno di quei temi &#8220;tab\u00f9&#8221; per il quale c&#8217;\u00e8 sempre una parte pronta ad appropriarsene, dichiarandosi sua unica o perlomeno privilegiata erede, e a dar battaglia a tutto il resto. Questa \u00e8 una pericolosissima deriva anche per la memoria stessa, perch\u00e8 la Resistenza non \u00e8 roba degli uni o degli altri, ma pilastro su cui si \u00e8 fondata la ricostruzione del nostro Paese ed il processo costituzionale. La Resistenza ha coinvolto tanti e tante parti politiche. \u00e9 stupido a mio parere farne roba solo di alcuni e per questo sia cassarla colpevolmente mascherandosi dietro la dimenticanza sia farne un pretesto per violenti attacchi. Dove sta tra le due accuse la cattiva fede? Speriamo in nessuna, perch\u00e8 la colpa della zizzania sarebbe un pi\u00f9 grave delitto in un momento, come quello presente, in cui c&#8217;\u00e8 un intero Paese che ha bisogno della collaborazione di tutti e, questo s\u00ec, possiamo dirlo, c&#8217;\u00e8 la <strong>scuola italiana che va a pezzi a causa dei tagli finanziari e di affrettati riordini strutturali. <\/strong>Scervellarsi per capire se la Resistenza sia capitolo esplicito o implicito o volutamente cassato (cosa gravissima se fosse vera, ma sar\u00e0 vera?) non ha molto senso quando n<strong>essuno si preoccupa del fatto che quello stesso periodo storico dovrebbe essere approfondito nell&#8217;ambito dei quadri orari di una materia, la Storia, che al liceo scientifico, musicale e linguistico &#8220;va in onda&#8221; <span style=\"color: #ff0000;\">solo tre ore a settimana, <\/span><\/strong>da dividere tra l&#8217;altro con la forzatamente collega geografia e la &#8220;sottointesa&#8221; educazione civica. Un&#8217;ora e mezza in totale, meno delle ore di ginnastica, o un po&#8217; di pi\u00f9 della religione cattolica se preferite: questo \u00e8 di sicuro il modo migliore non solo per disonorare la memoria, ma per fallire in uno degli obiettivi fondamentali del sistema pubblico di istruzione e formazione, cio\u00e8 l&#8217;educazione alla cittadinanza e ai valori della Repubblica!<\/p>\n<p style=\"text-align: justify;\">Resistenza dimenticata&#8230; colpevoli? assolti? strumentalizzazioni? Preferiamo credere alla buona fede di ciascuno, per questa volta. Ma non ci saranno scuse se nessuno \u00a0far\u00e0 molto di pi\u00f9 di quello che ha fatto finora, anche nel proprio piccolo di scuola o associazione studentesca, per accompagnare la scuola italiana in questo difficilissimo periodo di transizione in cui studenti e professori stiamo rischiando molto, moltissimo. Nessuno avr\u00e0 giustificazioni se la partita andr\u00e0 persa. Noi compresi<\/p>\n<p style=\"text-align: justify;\">C&#8217;\u00e8 da scrivere il capitolo di storia odierna della scuola italiana. E c&#8217;\u00e8 da salvarla. Tutti.<\/p>\n<p style=\"text-align: justify;\">\n<p style=\"text-align: justify;\">\n<p style=\"text-align: justify;\">\n","protected":false},"excerpt":{"rendered":"<p>In questi giorni assistiamo a voci discordanti riguardo alla presunta dimenticanza della voce &#8220;Resistenza&#8221; nella bozza delle linee guida per i nuovi licei. Le accuse di omissione volontaria sono state pesanti e c&#8217;\u00e8 chi ha denunciato la censura della memoria, mentre al Ministero tentano la difesa scusandosi per la mancata esplicitazione. C&#8217;\u00e8 anche chi sottolinea [&hellip;]<\/p>\n","protected":false},"author":3,"featured_media":0,"comment_status":"open","ping_status":"open","sticky":false,"template":"","format":"standard","meta":[],"categories":[7],"tags":[],"_links":{"self":[{"href":"https:\/\/iopartecipo.azionecattolica.it\/index.php?rest_route=\/wp\/v2\/posts\/1075"}],"collection":[{"href":"https:\/\/iopartecipo.azionecattolica.it\/index.php?rest_route=\/wp\/v2\/posts"}],"about":[{"href":"https:\/\/iopartecipo.azionecattolica.it\/index.php?rest_route=\/wp\/v2\/types\/post"}],"author":[{"embeddable":true,"href":"https:\/\/iopartecipo.azionecattolica.it\/index.php?rest_route=\/wp\/v2\/users\/3"}],"replies":[{"embeddable":true,"href":"https:\/\/iopartecipo.azionecattolica.it\/index.php?rest_route=%2Fwp%2Fv2%2Fcomments&post=1075"}],"version-history":[{"count":1,"href":"https:\/\/iopartecipo.azionecattolica.it\/index.php?rest_route=\/wp\/v2\/posts\/1075\/revisions"}],"predecessor-version":[{"id":1076,"href":"https:\/\/iopartecipo.azionecattolica.it\/index.php?rest_route=\/wp\/v2\/posts\/1075\/revisions\/1076"}],"wp:attachment":[{"href":"https:\/\/iopartecipo.azionecattolica.it\/index.php?rest_route=%2Fwp%2Fv2%2Fmedia&parent=1075"}],"wp:term":[{"taxonomy":"category","embeddable":true,"href":"https:\/\/iopartecipo.azionecattolica.it\/index.php?rest_route=%2Fwp%2Fv2%2Fcategories&post=1075"},{"taxonomy":"post_tag","embeddable":true,"href":"https:\/\/iopartecipo.azionecattolica.it\/index.php?rest_route=%2Fwp%2Fv2%2Ftags&post=1075"}],"curies":[{"name":"wp","href":"https:\/\/api.w.org\/{rel}","templated":true}]}}