{"id":1077,"date":"2010-04-10T12:02:27","date_gmt":"2010-04-10T11:02:27","guid":{"rendered":"http:\/\/www.azionecattolica.it\/net\/iopartecipo\/?p=1077"},"modified":"2010-04-10T12:04:20","modified_gmt":"2010-04-10T11:04:20","slug":"e-nata-emma-la-figlia-del-ministro-gelmini","status":"publish","type":"post","link":"https:\/\/iopartecipo.azionecattolica.it\/?p=1077","title":{"rendered":"E&#8217; nata Emma, la figlia del ministro Gelmini"},"content":{"rendered":"<p><img loading=\"lazy\" class=\"alignleft\" src=\"http:\/\/www.hcfondi.it\/wp-content\/uploads\/2010\/01\/fiocco_cicogna_rosa.jpg\" alt=\"\" width=\"173\" height=\"173\" \/>\u00e8 nata stamattina Emma, l&#8217;attesissima (anche da noi msacchini) figlia del ministro dell&#8217;istruzione Mariastella Gelmini. Dopo una settimana di ritardo (doveva nascere il 5) \u00e8 stato alla fine un parto cesareo.<\/p>\n<p>Per questo il Ministro Gelmini NON parteciper\u00e0 alla nostra sfs del 16-18 aprile a Rimini<\/p>\n<p>Ha disposto per\u00f2 che intervenga il suo consigliere politico, <a href=\"http:\/\/sfs2010.azionecattolica.it\/?p=394\">Max Brusch<\/a>i,. Gi\u00e0 nostro ospite alla MOCA dello scorso aprile, Bruschi nel frattempo ha curato il nuovo regolamento sulla valutazione degli alunni e oggi \u00e8 Presidente della cabina di Regia per i nuovi Licei e Coordinatore della Commissione preposta alle nuove Indicazioni nazionali per i licei e per il primo ciclo di Istruzione.<\/p>\n<p>Buona maternit\u00e0, Ministro<\/p>\n","protected":false},"excerpt":{"rendered":"<p>\u00e8 nata stamattina Emma, l&#8217;attesissima (anche da noi msacchini) figlia del ministro dell&#8217;istruzione Mariastella Gelmini. Dopo una settimana di ritardo (doveva nascere il 5) \u00e8 stato alla fine un parto cesareo. Per questo il Ministro Gelmini NON parteciper\u00e0 alla nostra sfs del 16-18 aprile a Rimini Ha disposto per\u00f2 che intervenga il suo consigliere politico, [&hellip;]<\/p>\n","protected":false},"author":3,"featured_media":0,"comment_status":"open","ping_status":"open","sticky":false,"template":"","format":"standard","meta":[],"categories":[13],"tags":[],"_links":{"self":[{"href":"https:\/\/iopartecipo.azionecattolica.it\/index.php?rest_route=\/wp\/v2\/posts\/1077"}],"collection":[{"href":"https:\/\/iopartecipo.azionecattolica.it\/index.php?rest_route=\/wp\/v2\/posts"}],"about":[{"href":"https:\/\/iopartecipo.azionecattolica.it\/index.php?rest_route=\/wp\/v2\/types\/post"}],"author":[{"embeddable":true,"href":"https:\/\/iopartecipo.azionecattolica.it\/index.php?rest_route=\/wp\/v2\/users\/3"}],"replies":[{"embeddable":true,"href":"https:\/\/iopartecipo.azionecattolica.it\/index.php?rest_route=%2Fwp%2Fv2%2Fcomments&post=1077"}],"version-history":[{"count":5,"href":"https:\/\/iopartecipo.azionecattolica.it\/index.php?rest_route=\/wp\/v2\/posts\/1077\/revisions"}],"predecessor-version":[{"id":1081,"href":"https:\/\/iopartecipo.azionecattolica.it\/index.php?rest_route=\/wp\/v2\/posts\/1077\/revisions\/1081"}],"wp:attachment":[{"href":"https:\/\/iopartecipo.azionecattolica.it\/index.php?rest_route=%2Fwp%2Fv2%2Fmedia&parent=1077"}],"wp:term":[{"taxonomy":"category","embeddable":true,"href":"https:\/\/iopartecipo.azionecattolica.it\/index.php?rest_route=%2Fwp%2Fv2%2Fcategories&post=1077"},{"taxonomy":"post_tag","embeddable":true,"href":"https:\/\/iopartecipo.azionecattolica.it\/index.php?rest_route=%2Fwp%2Fv2%2Ftags&post=1077"}],"curies":[{"name":"wp","href":"https:\/\/api.w.org\/{rel}","templated":true}]}}