{"id":108,"date":"2008-09-30T11:21:02","date_gmt":"2008-09-30T10:21:02","guid":{"rendered":"http:\/\/www.azionecattolica.it\/net\/iopartecipo\/?p=108"},"modified":"2008-09-30T11:28:50","modified_gmt":"2008-09-30T10:28:50","slug":"29-settembre-cerimonia-dapertura2","status":"publish","type":"post","link":"https:\/\/iopartecipo.azionecattolica.it\/?p=108","title":{"rendered":"Cerimonia d&#8217;apertura\/2. Il saluto del ministro"},"content":{"rendered":"<table class=\"elencoNews\" border=\"0\">\n<tbody>\n<tr>\n<td class=\"titolo\" style=\"text-align: center;\" colspan=\"2\"><strong>Apertura dell\u2019anno scolastico 2008\/2009<\/strong><\/p>\n<p><strong>Discorso del Ministro dell\u2019Istruzione, dell\u2019Universit\u00e0 e della Ricerca<br \/>\nMariastella Gelmini <\/strong><\/td>\n<\/tr>\n<tr>\n<td class=\"allegatiTop noprint\"><\/td>\n<td class=\"data\"><\/td>\n<\/tr>\n<tr>\n<td class=\"testo\" style=\"text-align: justify;\" colspan=\"2\"><img loading=\"lazy\" class=\"alignright\" src=\"http:\/\/www.adnkronos.com\/IGN\/Assets\/Imgs\/G\/gelmini_maria_stella080508_adn--200x150.jpg\" alt=\"\" width=\"200\" height=\"150\" \/>Buon pomeriggio a tutti, alle autorit\u00e0, agli studenti e a tutte le famiglie che ci seguono da casa; grazie di essere cos\u00ec numerosi e cos\u00ec pieni di entusiasmo.<\/p>\n<p>Saluto e ringrazio il Presidente Napolitano che, come ogni anno, ci ospita in questo scenario cos\u00ec denso di senso e significato per ogni italiano, simbolo della nostra Repubblica e della nostra identit\u00e0.<\/p>\n<p>\u00c8 una gioia e un onore per me, in qualit\u00e0 di Ministro, ma soprattutto in qualit\u00e0 di italiana, partecipare a una manifestazione che celebra la scuola e coinvolge tutti protagonisti.<\/p>\n<p>Partecipare a questa giornata \u00e8 partecipare attivamente alla vita della Repubblica perch\u00e9 \u00e8 proprio la scuola uno dei principali pilastri della Repubblica, un\u2019officina di sapere e cultura che ogni giorno trasforma i giovani di oggi nei cittadini di domani. \u00c8 la coscienza individuale e collettiva, infatti, che la scuola con i suoi insegnanti ha il compito di risvegliare in ciascun cittadino per renderlo consapevole delle proprie capacit\u00e0 e della realt\u00e0 in cui vive.<\/p>\n<p>Partecipare alla vita della Repubblica significa essere consapevoli della nostra storia, del nostro presente e della nostra comunit\u00e0, significa conoscere le regole di convivenza civile che sono e che devono essere la base del vivere associato nel rispetto e nella tolleranza. La Costituzione \u00e8 il fondamento della nostra convivenza ed \u00e8 proprio la scuola ad avere il compito, il dovere di renderla bussola della vita per ciascun cittadino del domani. Va proprio in questa direzione l\u2019idea di introdurre tra le materie di studio \u201cCittadinanza e Costituzione\u201d e mi auguro che i nostri ragazzi sappiano trarre il giusto frutto da questa opportunit\u00e0 di conoscenza che la scuola italiana offre loro.<\/p>\n<p>La nostra scuola oggi vive un momento delicato: alti livelli di dispersione scolastica e casi di bullismo sono solo alcune delle patologie che stiamo affrontando con rapidit\u00e0 e decisione.<\/p>\n<p>La scuola italiana non \u00e8 solo questo. E\u2019 un mondo ricco di esperienze di eccellenza, di dedizione, di impegno duro e quotidiano, esperienze che vogliamo siano da sprone per tutto.<\/p>\n<p>\u00c8 indispensabile che ciascuno di noi si interroghi sul senso stesso della scuola, \u00e8 opportuno che si lavori insieme, studenti, famiglie, docenti e istituzioni, per realizzare un progetto condiviso e duraturo: lo meritano bimbi, ragazzi, genitori, lo merita l\u2019intera societ\u00e0, lo merita l\u2019Italia.<\/p>\n<p>Io credo nell\u2019impegno degli studenti e penso che la scuola debba essere in grado di stimolare continuamente la loro curiosit\u00e0 e creativit\u00e0 e debba fornire loro uno zaino di conoscenze, strumenti pratici ed esperienze che possano tornare utili in ogni circostanza della vita.<br \/>\nIo credo in una scuola che sia strumento di riscatto per tutti i ragazzi cui non deve essere negata, mai e in nessun luogo, l\u2019adolescenza e la possibilit\u00e0 di costruirsi un futuro giusto e libero.<\/p>\n<p>Io credo negli insegnanti e nella loro valorizzazione, nella dignit\u00e0, nel rispetto e nella considerazione che vanno loro riconosciuti.<br \/>\nIo credo nelle famiglie che invito a partecipare sempre pi\u00f9 attivamente nel dibattito sulla scuola, perch\u00e9 sono loro il punto di partenza per la crescita di ogni persona.<\/p>\n<p>Io credo nelle istituzioni, nel Ministero che ho l\u2019onore di guidare; solo da una grande alleanza pu\u00f2 nascere una scuola nuova, d\u2019eccellenza e al tempo stesso inclusiva, una scuola di qualit\u00e0 per tutti.<\/p>\n<p>Io credo nella scuola italiana, che in ogni citt\u00e0, in ogni comune, a Nord come a Sud, offra ai ragazzi le stesse opportunit\u00e0.<\/p>\n<p>I progetti che questi studenti hanno realizzato nel corso dello scorso anno scolastico, che ci verranno presentati oggi e che, come \u00e8 giusto che sia, avranno visibilit\u00e0 a livello nazionale, sono segni tangibili che la voglia di crescere e di imparare c\u2019\u00e8 e ce n\u2019\u00e8 tanta.<\/p>\n<p>Oggi tengo particolarmente a ringraziare tutte le autorit\u00e0 che hanno collaborato alla nascita della \u201ccarta dello studente\u201d, un\u2019iniziativa rivolta ai ragazzi delle scuole secondarie di II grado, una carta che da quest\u2019anno scolastico accompagner\u00e0 i nostri ragazzi nel loro percorso formativo.<\/p>\n<p>Il progetto, nato dall\u2019intesa tra Ministero dell\u2019Istruzione, Universit\u00e0 e Ricerca, Ministero per i Beni e le Attivit\u00e0 Culturali, Ministero dei Trasporti, l\u2019UNESCO, l\u2019AGIS, l\u2019Anica, il supporto di Anci, Upi, Conferenza Stato-Regioni, insieme a tanti altri enti e associazioni, si propone di agevolare gli studenti nell\u2019accesso a strutture e servizi culturali e di fornire loro un documento ufficiale che attesti il loro status di \u201cstudente\u201d. \u00c8 un\u2019idea cui hanno lavorato in tanti e a loro va tutta la mia stima e gratitudine per un\u2019iniziativa che mette davvero al centro lo studente, come \u00e8 giusto e doveroso che sia.<\/p>\n<p style=\"text-align: justify;\">Cari ragazzi, vi auguro un anno scolastico carico di esperienze ed emozioni. Fate di ogni giorno di scuola un\u2019occasione preziosa per crescere e diventare migliori, siate pronti a cogliere gli stimoli che i vostri educatori sapranno lanciarvi e sempre pi\u00f9 partecipi della vita del vostro Paese. La scuola \u00e8 la vostra buona occasione, \u00e8 la vera occasione per diventare uomini e donne del domani.<\/p>\n<\/td>\n<\/tr>\n<\/tbody>\n<\/table>\n","protected":false},"excerpt":{"rendered":"<p>Apertura dell\u2019anno scolastico 2008\/2009 Discorso del Ministro dell\u2019Istruzione, dell\u2019Universit\u00e0 e della Ricerca Mariastella Gelmini Buon pomeriggio a tutti, alle autorit\u00e0, agli studenti e a tutte le famiglie che ci seguono da casa; grazie di essere cos\u00ec numerosi e cos\u00ec pieni di entusiasmo. Saluto e ringrazio il Presidente Napolitano che, come ogni anno, ci ospita in [&hellip;]<\/p>\n","protected":false},"author":3,"featured_media":0,"comment_status":"open","ping_status":"open","sticky":false,"template":"","format":"standard","meta":[],"categories":[6],"tags":[],"_links":{"self":[{"href":"https:\/\/iopartecipo.azionecattolica.it\/index.php?rest_route=\/wp\/v2\/posts\/108"}],"collection":[{"href":"https:\/\/iopartecipo.azionecattolica.it\/index.php?rest_route=\/wp\/v2\/posts"}],"about":[{"href":"https:\/\/iopartecipo.azionecattolica.it\/index.php?rest_route=\/wp\/v2\/types\/post"}],"author":[{"embeddable":true,"href":"https:\/\/iopartecipo.azionecattolica.it\/index.php?rest_route=\/wp\/v2\/users\/3"}],"replies":[{"embeddable":true,"href":"https:\/\/iopartecipo.azionecattolica.it\/index.php?rest_route=%2Fwp%2Fv2%2Fcomments&post=108"}],"version-history":[{"count":4,"href":"https:\/\/iopartecipo.azionecattolica.it\/index.php?rest_route=\/wp\/v2\/posts\/108\/revisions"}],"predecessor-version":[{"id":116,"href":"https:\/\/iopartecipo.azionecattolica.it\/index.php?rest_route=\/wp\/v2\/posts\/108\/revisions\/116"}],"wp:attachment":[{"href":"https:\/\/iopartecipo.azionecattolica.it\/index.php?rest_route=%2Fwp%2Fv2%2Fmedia&parent=108"}],"wp:term":[{"taxonomy":"category","embeddable":true,"href":"https:\/\/iopartecipo.azionecattolica.it\/index.php?rest_route=%2Fwp%2Fv2%2Fcategories&post=108"},{"taxonomy":"post_tag","embeddable":true,"href":"https:\/\/iopartecipo.azionecattolica.it\/index.php?rest_route=%2Fwp%2Fv2%2Ftags&post=108"}],"curies":[{"name":"wp","href":"https:\/\/api.w.org\/{rel}","templated":true}]}}