{"id":1097,"date":"2010-05-04T14:31:18","date_gmt":"2010-05-04T13:31:18","guid":{"rendered":"http:\/\/www.azionecattolica.it\/net\/iopartecipo\/?p=1097"},"modified":"2010-05-04T14:31:18","modified_gmt":"2010-05-04T13:31:18","slug":"european-day-2010","status":"publish","type":"post","link":"https:\/\/iopartecipo.azionecattolica.it\/?p=1097","title":{"rendered":"European Day 2010!!!"},"content":{"rendered":"<p style=\"text-align: justify;\"><a href=\"http:\/\/www.azionecattolica.it\/settori\/MSAC\/sezione\/zaino\/archivio_iniz\/2009_-_2010\/Proposta_Formativa_2009-2010\"><img title=\"Io partecipo!\" src=\"http:\/\/www.dwp.gov.uk\/img\/euro-year-2010.gif\" alt=\"blog\" hspace=\"5\" align=\"left\" \/><\/a><small><big><span>E&#8217; arrivato il faldone dell&#8217;<span>European Day MSAC 2010!!! <\/span>Tema di quest&#8217;anno sar\u00e0 quello scelto dalla commissione UE per l&#8217;anno europeo, ovvero <strong>&#8220;Lotta alla povert\u00e0 e all&#8217;esclusione sociale&#8221;!<\/strong><\/span><\/big><\/small><\/p>\n<p style=\"text-align: justify;\"><small><big><span><strong><\/strong>affronteremo non solo le povert\u00e0 del mondo ma anche quelle di casa, quelle dietro l&#8217;angolo, quelle delle nostre citt\u00e0, delle nostre parrocchie. Come sempre, le ultime schede contengono\u00a0<span>spunti operativi per le attivit\u00e0 <\/span>e un\u00a0<span>grande gioco di ruolo <\/span>pronto per essere realizzato nelle vostre diocesi!<\/span><\/big><\/small><small><\/small><small><big><span>. <\/span><\/big><\/small><\/p>\n<p style=\"text-align: justify;\"><a href=\"http:\/\/www.azionecattolica.it\/settori\/MSAC\/sezione\/PeD\/archivio_ped\/2009_2010\/Faldone_ED-1.doc\">scarica qui il faldone<\/a><\/p>\n","protected":false},"excerpt":{"rendered":"<p>E&#8217; arrivato il faldone dell&#8217;European Day MSAC 2010!!! Tema di quest&#8217;anno sar\u00e0 quello scelto dalla commissione UE per l&#8217;anno europeo, ovvero &#8220;Lotta alla povert\u00e0 e all&#8217;esclusione sociale&#8221;! affronteremo non solo le povert\u00e0 del mondo ma anche quelle di casa, quelle dietro l&#8217;angolo, quelle delle nostre citt\u00e0, delle nostre parrocchie. Come sempre, le ultime schede contengono\u00a0spunti [&hellip;]<\/p>\n","protected":false},"author":3,"featured_media":0,"comment_status":"open","ping_status":"open","sticky":false,"template":"","format":"standard","meta":[],"categories":[1],"tags":[],"_links":{"self":[{"href":"https:\/\/iopartecipo.azionecattolica.it\/index.php?rest_route=\/wp\/v2\/posts\/1097"}],"collection":[{"href":"https:\/\/iopartecipo.azionecattolica.it\/index.php?rest_route=\/wp\/v2\/posts"}],"about":[{"href":"https:\/\/iopartecipo.azionecattolica.it\/index.php?rest_route=\/wp\/v2\/types\/post"}],"author":[{"embeddable":true,"href":"https:\/\/iopartecipo.azionecattolica.it\/index.php?rest_route=\/wp\/v2\/users\/3"}],"replies":[{"embeddable":true,"href":"https:\/\/iopartecipo.azionecattolica.it\/index.php?rest_route=%2Fwp%2Fv2%2Fcomments&post=1097"}],"version-history":[{"count":1,"href":"https:\/\/iopartecipo.azionecattolica.it\/index.php?rest_route=\/wp\/v2\/posts\/1097\/revisions"}],"predecessor-version":[{"id":1098,"href":"https:\/\/iopartecipo.azionecattolica.it\/index.php?rest_route=\/wp\/v2\/posts\/1097\/revisions\/1098"}],"wp:attachment":[{"href":"https:\/\/iopartecipo.azionecattolica.it\/index.php?rest_route=%2Fwp%2Fv2%2Fmedia&parent=1097"}],"wp:term":[{"taxonomy":"category","embeddable":true,"href":"https:\/\/iopartecipo.azionecattolica.it\/index.php?rest_route=%2Fwp%2Fv2%2Fcategories&post=1097"},{"taxonomy":"post_tag","embeddable":true,"href":"https:\/\/iopartecipo.azionecattolica.it\/index.php?rest_route=%2Fwp%2Fv2%2Ftags&post=1097"}],"curies":[{"name":"wp","href":"https:\/\/api.w.org\/{rel}","templated":true}]}}