{"id":110,"date":"2008-09-30T11:22:43","date_gmt":"2008-09-30T10:22:43","guid":{"rendered":"http:\/\/www.azionecattolica.it\/net\/iopartecipo\/?p=110"},"modified":"2009-09-23T09:27:22","modified_gmt":"2009-09-23T08:27:22","slug":"29-settembre-cerimonia-dapertura1","status":"publish","type":"post","link":"https:\/\/iopartecipo.azionecattolica.it\/?p=110","title":{"rendered":"Il saluto di Napolitano alla Scuola Italiana"},"content":{"rendered":"<p style=\"text-align: center;\"><img loading=\"lazy\" class=\"aligncenter\" src=\"http:\/\/www.quirinale.it\/repository\/immagini\/grandi\/grandi_immagini_36801.jpg\" alt=\"\" width=\"441\" height=\"294\" \/><\/p>\n<p style=\"text-align: center;\"><strong>INTERVENTO DEL PRESIDENTE DELLA REPUBBLICA<br \/>\nGIORGIO NAPOLITANO<br \/>\nIN OCCASIONE DELLA CERIMONIA DI APERTURA DELL&#8217;ANNO SCOLASTICO 2008-2009<\/strong><\/p>\n<p style=\"text-align: right;\"><strong><\/strong><em>Palazzo del Quirinale, 29 settembre 2008<\/em><\/p>\n<p style=\"text-align: justify;\">Saluto cordialmente i rappresentanti del governo e del Parlamento, insieme con le altre autorit\u00e0 presenti. Saluto e ringrazio tutti quanti hanno reso possibile questo evento, la RAI, i suoi autori e i suoi tecnici, il regista, il conduttore, gli artisti, e quanti hanno collaborato alla cerimonia di oggi con la loro simbolica presenza come i campioni delle Olimpiadi e delle Paralimpiadi. Ma con particolare affettuosit\u00e0 saluto voi studenti e studentesse perch\u00e9 questa \u00e8 la vostra giornata, \u00e8 la vostra festa, come lo \u00e8 degli insegnanti e di tutti coloro che operano nella scuola.<br \/>\nL&#8217;anno scolastico \u00e8 appena iniziato, e io mi auguro che si accingano a percorrerlo con seriet\u00e0 e serenit\u00e0 sia quanti hanno la responsabilit\u00e0 di apprendere e di formarsi, sia quanti hanno la responsabilit\u00e0 di guidare le ragazze e i ragazzi nello studio e nella preparazione alla vita, di dirigere e gestire l&#8217;organizzazione scolastica.<br \/>\nSpero che il programma di questo pomeriggio piaccia a voi tutti, e non risulti troppo noioso nemmeno per i pi\u00f9 giovani. E&#8217; comunque l&#8217;occasione che ogni anno cogliamo per valorizzare esperienze e iniziative che si stanno realizzando nella nostra scuola e che ci richiamano a problemi importanti da affrontare tutti insieme.<br \/>\nSentiremo cos\u00ec quello che si \u00e8 inventato e si sta facendo, a Matera o a Chiavari, per far conoscere la Costituzione della nostra Repubblica ; quel che si vive in scuole come un istituto di Roma nel contrasto del fenomeno del &#8220;bullismo&#8221; ; quel che significa per i ragazzi di Napoli o di Catania l&#8217;impegno a lottare contro la camorra e la mafia ; quel che pu\u00f2 garantire una buona formazione scolastica e professionale per trovare lavoro, magari nell&#8217;azienda che produce le mitiche auto Ferrari ; quel che bisogna prepararsi a fare, a Torino come altrove, perch\u00e9 ci sia pi\u00f9 sicurezza sul luogo di lavoro, perch\u00e9 non si debba in troppi casi rischiare la vita per lavorare.<br \/>\nE poi festeggeremo dei ragazzi che si sono particolarmente distinti negli studi, e quelli del progetto di una scuola di Milano per apprendisti ricercatori.<br \/>\nTutto questo pu\u00f2 servire per dirci concretamente che la scuola non deve separarsi dalla societ\u00e0 e deve far crescere le giovani generazioni nella passione dello studio e della conoscenza, nella capacit\u00e0 di costruirsi un futuro di lavoro e di vita famigliare, e al tempo stesso deve farle crescere nel senso civico, nella coscienza dei diritti e dei doveri scolpiti nella nostra Costituzione, nell&#8217;attaccamento alla Patria, alla nazione italiana e nella volont\u00e0 di partecipazione democratica nel quadro delle istituzioni repubblicane. Mi conforta il fatto che tanti studenti in occasione degli ultimi esami di maturit\u00e0 abbiano scelto temi di valore civile come i 60 anni della Costituzione, la percezione dello straniero o gli infortuni sul lavoro.<br \/>\nE considero positiva e importante la decisione annunciata dal ministro Gelmini di avviare &#8211; nel primo e nel secondo ciclo di istruzione &#8211; la sperimentazione di una nuova disciplina dedicata ai temi &#8220;Cittadinanza e Costituzione&#8221;. Mi auguro che si consolidi una concreta e impegnativa scelta in questo senso.<br \/>\nPerch\u00e9, cari ragazze e ragazzi, e cari insegnanti, la Costituzione costituisce la base del nostro stare insieme, come italiani, nel rispetto di tutte le diversit\u00e0, le esigenze e le opinioni, ma nel comune rispetto di principi e regole fondamentali. Lo stesso senso della Patria che ci unisce, che ci deve unire, trova il suo ancoraggio, nel presente storico che viviamo, negli indirizzi e nelle istituzioni della solenne Carta entrata in vigore sessant&#8217;anni orsono.<br \/>\nAd essa possiamo attingere, al suo spirito e alle sue norme &#8211; cos\u00ec come ai grandi valori dell&#8217;europeismo &#8211; per migliorare l&#8217;Italia, per liberarla da degenerazioni e da minacce come quelle della criminalit\u00e0, della violenza e dell&#8217;intolleranza, in tutte le loro espressioni, per rendere la nostra Italia pi\u00f9 prospera e pi\u00f9 giusta socialmente, per metterla in grado di non rimanere indietro nella competizione mondiale, di non perdere posizioni nel confronto con i paesi pi\u00f9 progrediti, innanzitutto in Europa.<br \/>\nE da tutti questi punti di vista decisivo \u00e8 il contributo della scuola, della formazione culturale e civile, scolastica e professionale delle nuove generazioni. Per avere un&#8217;Italia migliore abbiamo bisogno di una scuola migliore ; e a tal fine possiamo contare su risorse e competenze da mettere ancora meglio a frutto. Le condizioni del nostro sistema scolastico richiedono scelte coraggiose di rinnovamento : non sono sostenibili posizioni di pura difesa dell&#8217;esistente. Esprimo l&#8217;augurio che questo sia il clima nel quale possa svilupparsi il confronto politico, nelle sedi istituzionali, sui problemi della scuola.<br \/>\nQuali siano i problemi da affrontare, quali siano i punti di forza, di maggior rendimento del nostro sistema scolastico, e quali siano i suoi punti pi\u00f9 critici, e le sue pi\u00f9 gravi insufficienze, lo hanno detto elaborazioni, dibattiti e proposte, anche degli anni pi\u00f9 recenti. E mi si permetta di dire che anche in questo campo, non si tratta di ripartire da zero ogni volta che con le elezioni cambi il quadro politico. Venne un anno fa presentata &#8211; con il titolo <a href=\"http:\/\/www.italia150.it\/wp-content\/uploads\/2008\/04\/qb_26_ottobre_ore_18.pdf\">&#8220;Quaderno bianco sulla scuola&#8221;<\/a> &#8211; una delle analisi pi\u00f9 approfondite e pi\u00f9 ricche di suggerimenti e proposte, che siano state prodotte in questa complessa e delicatissima materia.<br \/>\nNaturalmente, chi ha avuto dagli elettori e dal Parlamento il mandato di governare, pu\u00f2 esprimere tutte le idee e le esigenze nuove cui ritiene di dover ispirare la propria azione. Ma un&#8217;analisi oggettiva, compiuta su basi rigorosamente tecniche, come quella del &#8220;<a href=\"http:\/\/www.italia150.it\/wp-content\/uploads\/2008\/04\/qb_26_ottobre_ore_18.pdf\">Quaderno bianco&#8221;<\/a>, rappresenta la migliore premessa e il migliore quadro di riferimento per una discussione pi\u00f9 costruttiva sul da farsi per la scuola.<br \/>\nSi parta dunque, con uno sforzo di maggiore serenit\u00e0 &#8211; nel confronto tra maggioranza e opposizione in Parlamento, e tra governo e parti sociali &#8211; dai problemi che nessuno pu\u00f2 negare ; e si discutano con spirito aperto tutte le diverse soluzioni che ciascuna parte ha il diritto di proporre e ha il dovere di prospettare in termini positivi e coerenti.<br \/>\nCompiano tutti uno sforzo per evitare contrapposizioni pericolose. Mostrino tutti senso della misura e realismo nell&#8217;affrontare anche le questioni pi\u00f9 spinose. Tra le quali vi \u00e8 certamente quella delle risorse finanziarie. L&#8217;Italia &#8211; per gli impegni assunti in sede europea, e nel suo stesso vitale interesse &#8211; deve ridurre a zero nei prossimi anni il suo deficit pubblico per incidere sempre di pi\u00f9 sul debito accumulato nel passato. Nessuna parte sociale e politica pu\u00f2 sfuggire a questo imperativo ; ed esso comporta anche &#8211; inutile negarlo &#8211; un contenimento della spesa per la scuola. Questa va collocata tra le priorit\u00e0 per l&#8217;avvenire del paese, e merita dunque &#8211; per la sua alta funzione pubblica &#8211; una speciale considerazione anche quando si affronta il problema complessivo della riduzione della spesa pubblica corrente. Per quel che riguarda la scuola l&#8217;obbiettivo di una minore spesa non pu\u00f2 prevalere su tutti gli altri, e va formulato, punto per punto, con grande attenzione ai contenuti e ai tempi, in un clima di dialogo. Ma ci\u00f2 non pu\u00f2 risolversi nel rifiuto di ogni revisione necessaria a fini di risparmio ; deve invece tradursi nel massimo sforzo sul piano della razionalizzazione e del maggior rendimento della spesa per la scuola, sul piano del sostanziale miglioramento della sua qualit\u00e0.<br \/>\nPer concludere, una parola agli insegnanti. Gravano su di voi le maggiori responsabilit\u00e0 per far funzionare e rendere migliore la scuola italiana, per aprirla a nuove esigenze, e anche a presenze nuove come quelle delle ragazze e dei ragazzi immigrati, provenienti da culture e formazioni diverse. E&#8217; in primo luogo a voi insegnanti che si deve tutto quel che si realizza di positivo nella scuola, anche nelle condizioni pi\u00f9 difficili e disagiate, specie nel Mezzogiorno &#8211; come ha potuto constatare in questi giorni il ministro Gelmini recandosi nel quartiere di Scampia a Napoli. Bisogna affrontare le esigenze che in modo serio e motivato voi prospettate, e impegnarsi anche &#8211; come una settimana fa il Parlamento europeo, con un&#8217;ampia risoluzione, ci ha chiesto di fare in tutti i nostri paesi &#8211; a migliorare la qualit\u00e0 della formazione degli insegnanti e a garantire loro livelli adeguati &#8220;di riconoscimento sociale&#8221; e &#8220;di status&#8221;.<br \/>\nNello stesso tempo, cari insegnanti, vi invitiamo a dare il vostro contributo al superamento di tutte le difficolt\u00e0 che in questa fase la scuola italiana \u00e8 chiamata a fronteggiare aprendosi al cambiamento.<br \/>\nE infine, una parola alle famiglie. Non pu\u00f2 esserci dubbio sul fatto che le famiglie e la scuola sono impegnate nella stessa missione educativa ; anche, voglio dire, nello stesso dovere di esempio morale e di severit\u00e0. E tengano sempre ben presente, governo e Parlamento, che la politica per la scuola \u00e8 parte essenziale della politica per la famiglia.<br \/>\nMi \u00e8 sembrato giusto, in questa giornata per l&#8217;apertura dell&#8217;anno scolastico, toccare alcuni temi scottanti, anche a costo di essere un po&#8217; lungo e serioso. Buon proseguimento della cerimonia, e buon anno di studio e di lavoro a tutti.<\/p>\n","protected":false},"excerpt":{"rendered":"<p>INTERVENTO DEL PRESIDENTE DELLA REPUBBLICA GIORGIO NAPOLITANO IN OCCASIONE DELLA CERIMONIA DI APERTURA DELL&#8217;ANNO SCOLASTICO 2008-2009 Palazzo del Quirinale, 29 settembre 2008 Saluto cordialmente i rappresentanti del governo e del Parlamento, insieme con le altre autorit\u00e0 presenti. Saluto e ringrazio tutti quanti hanno reso possibile questo evento, la RAI, i suoi autori e i suoi [&hellip;]<\/p>\n","protected":false},"author":3,"featured_media":0,"comment_status":"open","ping_status":"open","sticky":false,"template":"","format":"standard","meta":[],"categories":[6],"tags":[],"_links":{"self":[{"href":"https:\/\/iopartecipo.azionecattolica.it\/index.php?rest_route=\/wp\/v2\/posts\/110"}],"collection":[{"href":"https:\/\/iopartecipo.azionecattolica.it\/index.php?rest_route=\/wp\/v2\/posts"}],"about":[{"href":"https:\/\/iopartecipo.azionecattolica.it\/index.php?rest_route=\/wp\/v2\/types\/post"}],"author":[{"embeddable":true,"href":"https:\/\/iopartecipo.azionecattolica.it\/index.php?rest_route=\/wp\/v2\/users\/3"}],"replies":[{"embeddable":true,"href":"https:\/\/iopartecipo.azionecattolica.it\/index.php?rest_route=%2Fwp%2Fv2%2Fcomments&post=110"}],"version-history":[{"count":5,"href":"https:\/\/iopartecipo.azionecattolica.it\/index.php?rest_route=\/wp\/v2\/posts\/110\/revisions"}],"predecessor-version":[{"id":112,"href":"https:\/\/iopartecipo.azionecattolica.it\/index.php?rest_route=\/wp\/v2\/posts\/110\/revisions\/112"}],"wp:attachment":[{"href":"https:\/\/iopartecipo.azionecattolica.it\/index.php?rest_route=%2Fwp%2Fv2%2Fmedia&parent=110"}],"wp:term":[{"taxonomy":"category","embeddable":true,"href":"https:\/\/iopartecipo.azionecattolica.it\/index.php?rest_route=%2Fwp%2Fv2%2Fcategories&post=110"},{"taxonomy":"post_tag","embeddable":true,"href":"https:\/\/iopartecipo.azionecattolica.it\/index.php?rest_route=%2Fwp%2Fv2%2Ftags&post=110"}],"curies":[{"name":"wp","href":"https:\/\/api.w.org\/{rel}","templated":true}]}}