{"id":1104,"date":"2010-05-24T10:04:41","date_gmt":"2010-05-24T09:04:41","guid":{"rendered":"http:\/\/www.azionecattolica.it\/net\/iopartecipo\/?p=1104"},"modified":"2010-05-24T10:15:47","modified_gmt":"2010-05-24T09:15:47","slug":"adoro-il-lunedi","status":"publish","type":"post","link":"https:\/\/iopartecipo.azionecattolica.it\/?p=1104","title":{"rendered":"Adoro il luned\u00ec!"},"content":{"rendered":"<p><a href=\"http:\/\/www.azionecattolica.it\/net\/iopartecipo\/wp-content\/uploads\/2010\/05\/preghiera-stampa1.jpg\"><\/a>\u00e9 una iniziativa promossa per tutti i giovanissimi d&#8217;Italia dal settore giovani dell&#8217;Azione Cattolica<\/p>\n<p>Significa cominciare la settimana con una preghiera comune, che ci tenga uniti tutti nella lode al Signore e nell&#8217;affidamento delle nostre giornate, fatiche, gioie&#8230;.<\/p>\n<p>Noi giovani di AC adoriamo il luned\u00ec!<\/p>\n<p style=\"text-align: center;\">______<\/p>\n<p style=\"text-align: center; \"><a href=\"http:\/\/www.azionecattolica.it\/net\/iopartecipo\/wp-content\/uploads\/2010\/05\/preghiera-stampa3.jpg\"><img loading=\"lazy\" class=\"aligncenter size-full wp-image-1112\" title=\"preghiera-stampa3\" src=\"http:\/\/www.azionecattolica.it\/net\/iopartecipo\/wp-content\/uploads\/2010\/05\/preghiera-stampa3.jpg\" alt=\"\" width=\"441\" height=\"648\" srcset=\"https:\/\/iopartecipo.azionecattolica.it\/wp-content\/uploads\/2010\/05\/preghiera-stampa3.jpg 441w, https:\/\/iopartecipo.azionecattolica.it\/wp-content\/uploads\/2010\/05\/preghiera-stampa3-204x300.jpg 204w\" sizes=\"(max-width: 441px) 100vw, 441px\" \/><\/a>_______<\/p>\n<p style=\"text-align: center;\">dal sito nazionale <a href=\"http:\/\/adoroillunedi.azionecattolica.it\/\">Adoro il luned\u00ec<\/a><\/p>\n<p style=\"text-align: right;\">\u201cIo vorrei che noi giurassimo un patto<br \/>\nche non conosce confini terreni<br \/>\nn\u00e9 limiti temporali: l\u2019unione nella preghiera.\u201d<\/p>\n<p style=\"text-align: right;\"><em>Pier Giorgio Frassati<\/em><\/p>\n<p><em><br \/>\n<\/em><\/p>\n<p>\u201cS\u00ec, adoro il luned\u00ec. Eppure sappiamo benissimo cosa rappresenta questo giorno: la sveglia inopportuna dopo uno o due giorni di riposo, il ritorno alla routine, i pensieri, lo stress, il benedetto zaino da rimetterci in spalla o il malloppo di cose da aggiornare per il lavoro\u2026 Anche Vasco Rossi canta a squarciagola\u00a0<em>\u201cOdio il luned\u00ec<\/em>\u201d. C\u2019\u00e8 chi, invece, questo giorno lo adora. O meglio, Lo adora, con la \u201cL\u201d maiuscola.<\/p>\n<p>Gi\u00e0, perch\u00e9 il luned\u00ec, per i giovani e i giovanissimi di Azione cattolica, \u00e8 il giorno in cui possono sentirsi tutti particolarmente uniti attraverso la preghiera. Ogni luned\u00ec, infatti, i giovani e giovanissimi possono dedicare un momento pi\u00f9 prolungato della loro giornata al Signore certi che lo stesso gesto sar\u00e0 compiuto da tutti i coetanei di Ac in tutta Italia.<\/p>\n<p>\u201cAdoro il luned\u00ec\u201d \u00e8 una semplice occasione che vogliamo divulgare il pi\u00f9 possibile e vivere con costanza per ricordarci il primato della contemplazione, come i santi e i beati di Ac ci hanno trasmesso, per dire a noi stessi che gli impegni, le attivit\u00e0, la nostra stessa vita hanno senso nella misura in cui sono vitalmente collegati alla Sorgente che \u00e8 Cristo, la perla preziosa per cui val la pena spendere la propria esistenza. Con Lui tutta la vita acquista un colore nuovo nel segno della santit\u00e0.<\/p>\n","protected":false},"excerpt":{"rendered":"<p>\u00e9 una iniziativa promossa per tutti i giovanissimi d&#8217;Italia dal settore giovani dell&#8217;Azione Cattolica Significa cominciare la settimana con una preghiera comune, che ci tenga uniti tutti nella lode al Signore e nell&#8217;affidamento delle nostre giornate, fatiche, gioie&#8230;. Noi giovani di AC adoriamo il luned\u00ec! ______ _______ dal sito nazionale Adoro il luned\u00ec \u201cIo vorrei [&hellip;]<\/p>\n","protected":false},"author":3,"featured_media":0,"comment_status":"open","ping_status":"open","sticky":false,"template":"","format":"standard","meta":[],"categories":[6],"tags":[],"_links":{"self":[{"href":"https:\/\/iopartecipo.azionecattolica.it\/index.php?rest_route=\/wp\/v2\/posts\/1104"}],"collection":[{"href":"https:\/\/iopartecipo.azionecattolica.it\/index.php?rest_route=\/wp\/v2\/posts"}],"about":[{"href":"https:\/\/iopartecipo.azionecattolica.it\/index.php?rest_route=\/wp\/v2\/types\/post"}],"author":[{"embeddable":true,"href":"https:\/\/iopartecipo.azionecattolica.it\/index.php?rest_route=\/wp\/v2\/users\/3"}],"replies":[{"embeddable":true,"href":"https:\/\/iopartecipo.azionecattolica.it\/index.php?rest_route=%2Fwp%2Fv2%2Fcomments&post=1104"}],"version-history":[{"count":5,"href":"https:\/\/iopartecipo.azionecattolica.it\/index.php?rest_route=\/wp\/v2\/posts\/1104\/revisions"}],"predecessor-version":[{"id":1113,"href":"https:\/\/iopartecipo.azionecattolica.it\/index.php?rest_route=\/wp\/v2\/posts\/1104\/revisions\/1113"}],"wp:attachment":[{"href":"https:\/\/iopartecipo.azionecattolica.it\/index.php?rest_route=%2Fwp%2Fv2%2Fmedia&parent=1104"}],"wp:term":[{"taxonomy":"category","embeddable":true,"href":"https:\/\/iopartecipo.azionecattolica.it\/index.php?rest_route=%2Fwp%2Fv2%2Fcategories&post=1104"},{"taxonomy":"post_tag","embeddable":true,"href":"https:\/\/iopartecipo.azionecattolica.it\/index.php?rest_route=%2Fwp%2Fv2%2Ftags&post=1104"}],"curies":[{"name":"wp","href":"https:\/\/api.w.org\/{rel}","templated":true}]}}