{"id":1143,"date":"2010-06-22T19:41:15","date_gmt":"2010-06-22T18:41:15","guid":{"rendered":"http:\/\/www.azionecattolica.it\/net\/iopartecipo\/?p=1143"},"modified":"2010-06-22T19:43:10","modified_gmt":"2010-06-22T18:43:10","slug":"e-la-prima-prova-e-andata","status":"publish","type":"post","link":"https:\/\/iopartecipo.azionecattolica.it\/?p=1143","title":{"rendered":"e la prima prova \u00e8 andata&#8230;"},"content":{"rendered":"<p style=\"text-align: justify;\">E anche quest&#8217;anno la prima prova \u00e8 andata ma, questa volta, con qualche problema: primo fra tutti quello delle indiscrezioni che, nella giornata di ieri, erano apparse su alcuni organi di informazione a seguito della pubblicazione, su un sito per studenti, del testo delle presunte tracce della I prova.\u00a0Il MIUR, per la prima volta, aveva reagito\u00a0con una nota ufficiale di smentita. Fatto sta che realmente le tracce apparse ieri sulla stampa non corrispondevano a quelle che i maturandi si son visti consegnare dopo l&#8217;apertura della busta: ancora una volta a dimostrazione che quanto si dice su internet la notte prima degli esami \u00e8, quasi sempre, una grande bufala!<\/p>\n<p style=\"text-align: justify;\">Ecco le tracce di quest&#8217;anno:<\/p>\n<p style=\"text-align: justify;\">per la tipologia A, tema letterario &#8211; analisi del testo, \u00e8 uscito un brano di Primo Levi de &#8220;La ricerca delle radici&#8221;: nella traccia si chiedeva di\u00a0far riferimento ai capisaldi della formazione dello scrittore e si chiedeva, nello specifico, di indicare quali erano stati gli autori che ne avevano determinato la formazione.<\/p>\n<p style=\"text-align: justify;\">la tipologia B quella del saggio breve- articolo di giornale, come al solito divisa per ambiti, prevedeva le seguenti tracce:<\/p>\n<p style=\"text-align: justify;\">l&#8217;ambito\u00a0<span>artistico-letterario<\/span> parlava di\u00a0<span>&#8220;Piacere e piaceri&#8221;<\/span> con testi di D&#8217;Annunzio e Leopardi e dipinti di Botticelli e Picasso.<\/p>\n<p style=\"text-align: justify;\"><span>quello <\/span><span>socio-economico<\/span> parlava de\u00a0<span>&#8220;<\/span><span>La ricerca della felicit\u00e0&#8221;<\/span>, ma i testi citavano l&#8217;articolo 3 della Costituzione, la dichiarazione di indipendenza Usa, il sociologo polacco Bauman e Pellizzari.<\/p>\n<p style=\"text-align: justify;\">l&#8217;ambito\u00a0<span>storico-politico<\/span> un tema sui giovani e la politica, con brani tratti da discorsi di alcuni leader quali Mussolini, Moro, Togliatti e Giovanni Paolo II, dal titolo &#8220;<span>Il ruolo dei giovani nella storia e nella politica: parlano i leader<\/span>&#8220;.<\/p>\n<p style=\"text-align: justify;\"><span>l&#8217;ambito <\/span><span>scientifico quest&#8217;anno era <\/span>dedicato agli\u00a0<span>Ufo <\/span>con il titolo &#8220;<span>Siamo soli?<\/span>&#8220;, riferito alle presenze nell&#8217;universo. Diversi i testi a disposizione degli studenti fra i quali gli scritti di Kant e quelli di Stephen Hawking.<\/p>\n<p style=\"text-align: justify;\">La tipologia C, quella\u00a0<span>storica, <\/span>parlava delle\u00a0<span>foibe<\/span>. Partendo dalla decisione del parlamento italiano di introdurre il &#8220;giorno del ricordo&#8221; per conservare e ricordare la memoria della tragedia degli italiani e di tutte le vittime delle foibe.<\/p>\n<p style=\"text-align: justify;\">la\u00a0<span>tipologia D era <\/span>dedicata al\u00a0<span>ruolo della music<\/span><span>a<\/span> nella societ\u00e0 contemporanea e aveva questa traccia: &#8220;la Musica, diceva Aristotele, non va praticata per un unico tipo di beneficio che da essa pu\u00f2 derivare, ma per usi molteplici, poich\u00e8 pu\u00f2 servire per l&#8217;educazione, per procurare la catarsi e in terzo luogo per ricreazione, il sollievo e il riposo dallo sforzo.\u00a0Il candidato si soffermi sulla funzione, sugli scopi e sugli usi della musica nella societ\u00e0 contemporanea. Se lo ritiene opportuno, pu\u00f2 fare riferimento anche a sue esperienze di pratica e\/o ascolto musicale&#8221;.<\/p>\n<p style=\"text-align: justify;\">Ora non resta che augurare in bocca al lupo ai maturandi, msacchini e non, per la II prova, quella pi\u00f9 temuta.<\/p>\n","protected":false},"excerpt":{"rendered":"<p>E anche quest&#8217;anno la prima prova \u00e8 andata ma, questa volta, con qualche problema: primo fra tutti quello delle indiscrezioni che, nella giornata di ieri, erano apparse su alcuni organi di informazione a seguito della pubblicazione, su un sito per studenti, del testo delle presunte tracce della I prova.\u00a0Il MIUR, per la prima volta, aveva [&hellip;]<\/p>\n","protected":false},"author":5,"featured_media":0,"comment_status":"open","ping_status":"open","sticky":false,"template":"","format":"standard","meta":[],"categories":[1],"tags":[],"_links":{"self":[{"href":"https:\/\/iopartecipo.azionecattolica.it\/index.php?rest_route=\/wp\/v2\/posts\/1143"}],"collection":[{"href":"https:\/\/iopartecipo.azionecattolica.it\/index.php?rest_route=\/wp\/v2\/posts"}],"about":[{"href":"https:\/\/iopartecipo.azionecattolica.it\/index.php?rest_route=\/wp\/v2\/types\/post"}],"author":[{"embeddable":true,"href":"https:\/\/iopartecipo.azionecattolica.it\/index.php?rest_route=\/wp\/v2\/users\/5"}],"replies":[{"embeddable":true,"href":"https:\/\/iopartecipo.azionecattolica.it\/index.php?rest_route=%2Fwp%2Fv2%2Fcomments&post=1143"}],"version-history":[{"count":2,"href":"https:\/\/iopartecipo.azionecattolica.it\/index.php?rest_route=\/wp\/v2\/posts\/1143\/revisions"}],"predecessor-version":[{"id":1145,"href":"https:\/\/iopartecipo.azionecattolica.it\/index.php?rest_route=\/wp\/v2\/posts\/1143\/revisions\/1145"}],"wp:attachment":[{"href":"https:\/\/iopartecipo.azionecattolica.it\/index.php?rest_route=%2Fwp%2Fv2%2Fmedia&parent=1143"}],"wp:term":[{"taxonomy":"category","embeddable":true,"href":"https:\/\/iopartecipo.azionecattolica.it\/index.php?rest_route=%2Fwp%2Fv2%2Fcategories&post=1143"},{"taxonomy":"post_tag","embeddable":true,"href":"https:\/\/iopartecipo.azionecattolica.it\/index.php?rest_route=%2Fwp%2Fv2%2Ftags&post=1143"}],"curies":[{"name":"wp","href":"https:\/\/api.w.org\/{rel}","templated":true}]}}