{"id":1205,"date":"2010-07-07T10:54:48","date_gmt":"2010-07-07T09:54:48","guid":{"rendered":"http:\/\/www.azionecattolica.it\/net\/iopartecipo\/?p=1205"},"modified":"2010-07-07T10:56:34","modified_gmt":"2010-07-07T09:56:34","slug":"dichiarazione-finale-dellincontro-mondiale-dei-cappellani","status":"publish","type":"post","link":"https:\/\/iopartecipo.azionecattolica.it\/?p=1205","title":{"rendered":"Dichiarazione finale dell&#8217;incontro mondiale dei cappellani"},"content":{"rendered":"<p><a href=\"http:\/\/www.azionecattolica.it\/net\/iopartecipo\/wp-content\/uploads\/2010\/07\/merci2.jpg\"><img loading=\"lazy\" class=\"aligncenter size-full wp-image-1204\" title=\"merci2\" src=\"http:\/\/www.azionecattolica.it\/net\/iopartecipo\/wp-content\/uploads\/2010\/07\/merci2.jpg\" alt=\"\" width=\"500\" height=\"714\" srcset=\"https:\/\/iopartecipo.azionecattolica.it\/wp-content\/uploads\/2010\/07\/merci2.jpg 992w, https:\/\/iopartecipo.azionecattolica.it\/wp-content\/uploads\/2010\/07\/merci2-210x300.jpg 210w\" sizes=\"(max-width: 500px) 100vw, 500px\" \/><\/a><\/p>\n<p style=\"text-align: center;\"><a href=\"http:\/\/www.azionecattolica.it\/net\/iopartecipo\/wp-content\/uploads\/2010\/07\/declaration-de-la-session-gloable-des-aumoniers-de-la-jeci-rome-2010.pdf\">SCARICA LA DICHIARAZIONE FINALE<\/a><\/p>\n<p style=\"text-align: center;\">Si \u00e8 concluso un mese fa l&#8217;incontro mondiale degli assistenti nazionali dei movimenti degli studenti cattolici aderenti alla JECI-IYCS (di cui anche il MSAC fa parte). Un&#8217;esperienza di Grazia, durante la quale sacerdoti provenienti da tutti i continenti si sono incontrati per quattro giorni a Roma, citt\u00e0 che tanti di loro hanno visto per la prima volta, ospiti della Domus Pacis, la &#8220;casa&#8221; dell&#8217;Azione Cattolica Italiana. La Segretaria nazionale, Saretta Marotta, l&#8217;assistente nazionale, don Nicol\u00f2 Tempesta, e la delegata \u00a0MSAC ai rapporti internazionali, Laura La Placa della diocesi di Cefal\u00f9, hanno partecipato ai lavori organizzati dal Team internazionale, con il segretario mondiale Edouard Koutsawa, l&#8217;assistente Fr. Paul Tiga, Loucille Alcala, fr. Mike Debb e Karine Bonchretien. Un&#8217;esperienza di largo respiro ecclesiale che anche l&#8217;Equipe nazionale, riunitasi alla Domus Pacis negli stessi giorni, ha potuto condividere, scambiando gioia, convivialit\u00e0 e doni con i &#8220;colorati&#8221; ospiti provenienti da tutto il mondo.<\/p>\n<p style=\"text-align: center;\">W il movimento&#8230;<\/p>\n<p style=\"text-align: center;\">\n<p style=\"text-align: center;\">\n<p style=\"text-align: center;\">continua a leggere per vedere la dichiarazione finale.<!--more--><\/p>\n<p style=\"text-align: center;\">\n<p style=\"text-align: center;\"><strong>SESSION DE FORMATION INTERNATIONALE DES AUMONIERS ET ANIMATEURS DE LA JECI<\/strong><\/p>\n<p style=\"text-align: center;\">Du 4 au 8 Juin 2010, \u00e0 Domus Pacis, 94, rue Torre Rossa, Rome<\/p>\n<p style=\"text-align: center;\"><strong>Th\u00e8me : \u00ab Appel\u00e9s \u00e0 \u00eatre Ambassadeurs du Christ ! (cf. 2Cor. 5:20) : L\u2019\u00c9ducation des \u00c9tudiants \u00e0 l&#8217;heure de l&#8217;interculturalit\u00e9 et du pluralisme Religieux \u00bb.<\/strong><\/p>\n<p style=\"text-align: center;\">DECLARATION FINALE<\/p>\n<p style=\"text-align: justify;\">Au terme de l&#8217;Ann\u00e9e du Sacerdoce demand\u00e9e par SS le Pape Beno\u00eet XVI, la Jeunesse \u00c9tudiante Catholique Internationale (JECI), fid\u00e8le \u00e0 sa mission Proph\u00e9tique et \u00c9vang\u00e9lisatrice, a organis\u00e9 \u00e0 Rome du 4 au 8 juin 2010 une Session de Formation \u00e0 l\u2019intention des Aum\u00f4niers et Animateurs du mouvement sur le th\u00e8me <span>\u00ab Appel\u00e9s \u00e0 \u00eatre Ambassadeurs du Christ ! (cf. 2Cor. 5:20) : L\u2019\u00c9ducation des \u00c9tudiants \u00e0 l&#8217;heure de l&#8217;interculturalit\u00e9 et du pluralisme Religieux \u00bb. <\/span>La session dont le but \u00e9tait de renforcer les capacit\u00e9s des participants en mati\u00e8re d\u2019\u00e9ducation et d\u2019accompagnement des jeunes a r\u00e9uni les Aum\u00f4niers et Animateurs de la JEC provenant de 15 pays des cinq continents.<\/p>\n<p style=\"text-align: justify;\">La JECI \u00e9tant un mouvement d\u2019Action Catholique sp\u00e9cialis\u00e9 dans l&#8217;apostolat en milieu \u00e9tudiants estime que le r\u00f4le des Aum\u00f4niers et des Animateurs est essentiel dans sa mission. La rencontre a particuli\u00e8rement permis aux Aum\u00f4niers et Animateurs pr\u00e9sents, d&#8217;\u00e9changer sur les exp\u00e9riences et d\u2019analyser les besoins aussi bien que les d\u00e9fis confront\u00e9s (rencontr\u00e9s) dans l&#8217;accompagnement des jeunes \u00e9tudiants dans un nouveau monde globalis\u00e9 en appliquant la m\u00e9thodologie traditionnelle JEC bien connue, du <span>\u00ab Voir \u2013 Juger &#8211; Agir \u00bb<\/span>. C\u2019est en effet dans ce cadre que la JECI, \u00e0 travers ses exp\u00e9riences dans le monde, promeut une spiritualit\u00e9 contextualis\u00e9e de l\u2019Action et de la R\u00e9flexion qui vise \u00e0 favoriser la maturit\u00e9 humaine de ses membres et sympathisants et \u00e0 \u00e9difier leur foi chr\u00e9tienne afin de les aider \u00e0 transformer leurs propre milieux en \u00e9tant une force pour la lib\u00e9ration dans la promotion de l\u2019amour, de la justice sociale, de la solidarit\u00e9 et de la paix bref, la pr\u00e9sence de l\u2019Eglise dans et au service du milieu \u00e9tudiant (Cf. D\u00e9claration d\u2019Identit\u00e9 de la JECI, XIII<span>\u00e8me <\/span>Conseil Mondial de la JECI, Kampala, Ouganda).<\/p>\n<p style=\"text-align: justify;\">1A cet effet, il nous a \u00e9t\u00e9 donn\u00e9 d\u2019observer que, le nouveau contexte actuel dans lequel vivent les \u00e9tudiants \u00e9volue tr\u00e8s vite et de mani\u00e8re exponentielle en cr\u00e9ant, plus que par le pass\u00e9, beaucoup de situations de pauvret\u00e9, d\u2019oppression, d\u2019exclusion et de mis\u00e8res qui ne peuvent laisser indiff\u00e9rents les Chr\u00e9tiens. A cet \u00e9gard, malgr\u00e9 le fait qu&#8217;actuellement, dans ce nouveau monde de globalisation, nous faisons face \u00e0 de nouvelles situations critiques, qui sont de plus en plus dramatiques et complexes, nous trouvons que la m\u00e9thodologie de la JECI et sa spiritualit\u00e9 traditionnelle dans ses quatre dimensions (Christologique ; Pneumatologique ; Proph\u00e9tique etMissionnaire. Cf. \u2018\u2018Nouvelles Formes d\u2019Evang\u00e9lisation \u00e0 l\u2019Ecole et \u00e0 l\u2019Universit\u00e9 : La Spiritualit\u00e9 de la JECI\u2019\u2019 X<span>\u00e8me<span> <\/span><\/span>Conseil Mondial de la JECI, Leuven) est aujourd\u2019hui plus que jamais d\u2019actualit\u00e9.<\/p>\n<p style=\"text-align: justify;\">Nous louons et remercions l\u2019Eternel Dieu Tout-puissant pour cette occasion qui nous a \u00e9t\u00e9 offerte pour vivre cette exp\u00e9rience internationale en qualit\u00e9 d\u2019Aum\u00f4niers, d\u2019Accompagnateurs et Animateurs de la JECI venant de contextes diff\u00e9rents de par le monde. Comme les Ap\u00f4tres de J\u00e9sus Christ et compte tenu du milieu complexe dans lequel nous sommes appel\u00e9s \u00e0 \u00e9voluer, nous restons convaincus que notre Mission, aussi complexe soit-elle, nous porte vers un nouveau territoire non encore \u00e9vang\u00e9lis\u00e9, avec plein de nouveaux d\u00e9fis et de contradictions li\u00e9s au monde des Jeunes et des Etudiants, au monde de multiculturalisme et de pluralisme religieux dans le nouveau contexte de Globalisation. A cet \u00e9gard, malgr\u00e9 les d\u00e9fis qui nous sont pos\u00e9s par ces r\u00e9alit\u00e9s, nous devons entrer dans ce nouveau monde avec un esprit d\u2019ouverture, d\u2019humilit\u00e9 et de dialogue sans lequel l&#8217;espoir d\u2019un avenir de paix pour notre humanit\u00e9 est morne.<\/p>\n<p style=\"text-align: justify;\">Conscients des probl\u00e8mes dont font face les \u00e9tudiants et les jeunes dans ce monde bouleversant de grands changements, avec nos propres exp\u00e9riences individuelles de l\u2019annonce du Christ chacun dans son milieu et guid\u00e9s par la gr\u00e2ce de l\u2019Esprit Saint, nous avons pri\u00e9 ensemble et avons \u00e9chang\u00e9 des id\u00e9es sur le r\u00f4le des Aum\u00f4niers dans l&#8217;accompagnement des Etudiants et des Jeunes dans leur marche \u00e0 la rencontre de Dieu notre P\u00e8re et de l\u2019Humanit\u00e9.<\/p>\n<p style=\"text-align: justify;\">Dans le cadre de notre partage, nous avons observ\u00e9 que nos exp\u00e9riences sur ce minist\u00e8re d\u2019accompagnement des \u00e9tudiants et des jeunes diff\u00e8rent d&#8217;un pays \u00e0 un autre et d&#8217;un continent \u00e0 l\u2019autre. Toutefois, nous sommes, d&#8217;un commun accord, parvenus \u00e0 la conclusion que les jeunes font face aux d\u00e9fis de perdre vite le sens des valeurs dans leur qu\u00eate de la v\u00e9rit\u00e9 et du sens \u00e0 donner \u00e0 leur vie.<\/p>\n<p style=\"text-align: justify;\">Sans \u00e9voquer les aspects de cette crise d&#8217;identit\u00e9 et am\u00e9liorer le dialogue avec les diff\u00e9rentes religions et cultures, les jeunes peuvent facilement \u00eatre les victimes de la confrontation et de la confusion. Pour nous Chr\u00e9tiens, la qu\u00eate de la v\u00e9rit\u00e9 n\u2019est pas une simple id\u00e9e, c\u2019est faire une rencontre avec une personne J\u00e9sus Christ. Les jeunes sont invit\u00e9s \u00e0 faire des rencontres personnelles avec J\u00e9sus Christ. A la suite de l&#8217;exemple du Christ avec les disciples d&#8217;Emma\u00fcs, la mission de l&#8217;Aum\u00f4nier est d&#8217;indiquer la direction et le chemin qui m\u00e8nent \u00e0 la pleine r\u00e9alisation de vies plus significatives.<\/p>\n<p style=\"text-align: justify;\">Face aux nouvelles situations d\u2019interculturalit\u00e9, de pluralisme religieux, des sectes et des nouveaux mouvements religieux, nous r\u00e9alisons l\u2019importance de bien conna\u00eetre notre propre tradition de foi chr\u00e9tienne en vue d\u2019instruire et de guider les jeunes pour mieux faire face aux<\/p>\n<p style=\"text-align: justify;\">2<\/p>\n<p style=\"text-align: justify;\">d\u00e9fis de vivre leur foi. En effet, c&#8217;est la condition pr\u00e9alable pour une vie interculturelle et un dialogue interreligieux fructueux dans les param\u00e8tres globaux actuels.<\/p>\n<p style=\"text-align: justify;\">Nous sommes parfaitement conscients qu\u2019il y a certaines r\u00e9gions de la JECI qui ont besoin de plus d&#8217;aide et d\u2019assistance pour r\u00e9pondre efficacement et faire face \u00e0 tous ces d\u00e9fis.<\/p>\n<p style=\"text-align: justify;\">Nous nous engageons \u00e0 :<\/p>\n<p style=\"text-align: justify;\">1. 2.<\/p>\n<p style=\"text-align: justify;\">3. 4. 5.<\/p>\n<p style=\"text-align: justify;\">D\u00e9velopper des indications (normes, directives) pour les Aum\u00f4niers et les Animateurs<\/p>\n<p style=\"text-align: justify;\">Intensifier nos efforts de travail en r\u00e9seau et \u00e0 communiquer aux niveaux nationaux, r\u00e9gionaux et international<\/p>\n<p style=\"text-align: justify;\">Apprendrelesmeilleurespratiquesdenotremission\u00e0traverslesvisites,les\u00e9changes) et les expos\u00e9s mutuels.<\/p>\n<p style=\"text-align: justify;\">Renforcer les capacit\u00e9s des Aum\u00f4niers et des Animateurs \u00e0 travers la formation continue<\/p>\n<p style=\"text-align: justify;\">Travaillerenr\u00e9seauaveclesAum\u00f4niers,lesAnimateursetaccompagnateursd&#8217;autres groupes de jeunes au sein de l&#8217;\u00c9glise.<\/p>\n<p style=\"text-align: justify;\">Nous exprimons notre reconnaissance aux leaders et \u00e0 la hi\u00e9rarchie de l&#8217;\u00c9glise pour leur engagement et leur soutien \u00e0 l\u2019apostolat des jeunes. Nous sommes conscients des difficult\u00e9s \u00e0 trouver le plus souvent des Aum\u00f4niers disponibles pour cette mission et nous leur demandons de prendre en compte dans leurs priorit\u00e9s, la mise \u00e0 disposition des Aum\u00f4niers comp\u00e9tents et engag\u00e9s pour accompagner les jeunes.<\/p>\n<p style=\"text-align: justify;\">Nous remercions et appr\u00e9cions les efforts d\u00e9ploy\u00e9s par nos h\u00f4tes le MSAC, la JECI et leurs partenaires pour la bonne organisation, la tenue et la r\u00e9ussite de cette rencontre internationale et souhaitons que de telles Sessions de formation soient organis\u00e9es le plus r\u00e9guli\u00e8rement possible afin de renforcer les capacit\u00e9s des Aum\u00f4niers et Animateurs et de faciliter leurs \u00e9changes d\u2019exp\u00e9riences pour mieux faire face aux nouveaux d\u00e9fis sans cesse complexes.<\/p>\n<p style=\"text-align: justify;\">Ambassadeurs du Christ aupr\u00e8s des jeunes et dans l\u2019esprit de St Paul Ap\u00f4tre des nations, nous sommes engag\u00e9s \u00e0 la proclamation de la Bonne Nouvelle, en encourageant les jeunes, avec patience inlassable et le souci d\u2019instruire (cf. 2 Tim. 4:1-5), pour qu\u2019ils soient des hommes accomplis et qu\u2019ils puissent mener une vie pleinement \u00e9panouie \u00e0 travers notre spiritualit\u00e9 qui vise \u00e0 favoriser la maturit\u00e9 humaine et \u00e0 former les jeunes dans leur foi personnelle en se donnant pleinement \u00e0 la r\u00e9vision de vie par le \u00ab Voir \u2013 Juger \u2013 Agir \u00bb.<\/p>\n<p style=\"text-align: right;\">Rome, le 08 Juin 2010 en l\u2019ann\u00e9e du Pr\u00eatre Les participants<\/p>\n","protected":false},"excerpt":{"rendered":"<p>SCARICA LA DICHIARAZIONE FINALE Si \u00e8 concluso un mese fa l&#8217;incontro mondiale degli assistenti nazionali dei movimenti degli studenti cattolici aderenti alla JECI-IYCS (di cui anche il MSAC fa parte). Un&#8217;esperienza di Grazia, durante la quale sacerdoti provenienti da tutti i continenti si sono incontrati per quattro giorni a Roma, citt\u00e0 che tanti di loro [&hellip;]<\/p>\n","protected":false},"author":1,"featured_media":0,"comment_status":"open","ping_status":"open","sticky":false,"template":"","format":"standard","meta":[],"categories":[6],"tags":[],"_links":{"self":[{"href":"https:\/\/iopartecipo.azionecattolica.it\/index.php?rest_route=\/wp\/v2\/posts\/1205"}],"collection":[{"href":"https:\/\/iopartecipo.azionecattolica.it\/index.php?rest_route=\/wp\/v2\/posts"}],"about":[{"href":"https:\/\/iopartecipo.azionecattolica.it\/index.php?rest_route=\/wp\/v2\/types\/post"}],"author":[{"embeddable":true,"href":"https:\/\/iopartecipo.azionecattolica.it\/index.php?rest_route=\/wp\/v2\/users\/1"}],"replies":[{"embeddable":true,"href":"https:\/\/iopartecipo.azionecattolica.it\/index.php?rest_route=%2Fwp%2Fv2%2Fcomments&post=1205"}],"version-history":[{"count":4,"href":"https:\/\/iopartecipo.azionecattolica.it\/index.php?rest_route=\/wp\/v2\/posts\/1205\/revisions"}],"predecessor-version":[{"id":1210,"href":"https:\/\/iopartecipo.azionecattolica.it\/index.php?rest_route=\/wp\/v2\/posts\/1205\/revisions\/1210"}],"wp:attachment":[{"href":"https:\/\/iopartecipo.azionecattolica.it\/index.php?rest_route=%2Fwp%2Fv2%2Fmedia&parent=1205"}],"wp:term":[{"taxonomy":"category","embeddable":true,"href":"https:\/\/iopartecipo.azionecattolica.it\/index.php?rest_route=%2Fwp%2Fv2%2Fcategories&post=1205"},{"taxonomy":"post_tag","embeddable":true,"href":"https:\/\/iopartecipo.azionecattolica.it\/index.php?rest_route=%2Fwp%2Fv2%2Ftags&post=1205"}],"curies":[{"name":"wp","href":"https:\/\/api.w.org\/{rel}","templated":true}]}}