{"id":1213,"date":"2010-08-10T17:28:07","date_gmt":"2010-08-10T16:28:07","guid":{"rendered":"http:\/\/www.azionecattolica.it\/net\/iopartecipo\/?p=1213"},"modified":"2010-08-10T17:28:07","modified_gmt":"2010-08-10T16:28:07","slug":"anagrafe-degli-studenti-contro-la-dispersione-scolastica","status":"publish","type":"post","link":"https:\/\/iopartecipo.azionecattolica.it\/?p=1213","title":{"rendered":"Anagrafe degli studenti contro la dispersione scolastica"},"content":{"rendered":"<p style=\"text-align: justify;\">\n<div>\n<h3 style=\"text-align: justify;\">da il messaggero.it<\/h3>\n<h3 style=\"text-align: justify;\"><span style=\"font-weight: normal; font-size: 13px;\">ROMA (9 agosto) &#8211; Contro l&#8217;abbandono scolastico nasce nasce l&#8217;Anagrafe nazionale degli studenti ed \u00e8 subito polemica. La banca dati voluta dal ministro dell&#8217;istruzione Mariastella Gelmini &#8211; con decreto del 5 agosto scorso &#8211; non piace n\u00e9 alla Flc-Cgil,n\u00e9 agli studenti dell&#8217;Uds e tantomeno all&#8217;opposizione del Pd anche se il ministero di Viale Trastevere ha assicurato che i dati sensibili rimarranno anonimi e che le polemiche sul rischio discriminazione sono infondate. L&#8217;Anagrafe conterr\u00e0 informazioni sul percorso scolastico e formativo a partire dalla scuola primaria, con particolare riferimento agli esami finali di ciclo e agli esami di qualifica. Ma c&#8217;\u00e8 chi sostiene &#8211; come la Cgil &#8211; che ci saranno anche dati sulla salute, le convinzioni religiose, le informazioni di tipo giudiziario che riguardano la sfera familiare (come la status di separati dei genitori). La banca dati &#8211; ha spiegato il ministero &#8211; \u00absar\u00e0 utilizzata in forma anonima, e con modalit\u00e0 che assicurino la non identificabilit\u00e0 dell&#8217;interessato\u00bb. Le informazioni raccolte saranno conservate fino al termine dell&#8217;anno scolastico. Per il segretario generale della Flc-Cgil, Mimmo Pantaleo, l&#8217; Anagrafe viola i diritti civili e deve essere subito cancellata. \u00abCi allarma &#8211; ha detto il sindacalista &#8211; la possibilit\u00e0 che possa contenere dati idonei a rivelare lo stato di salute, le convinzioni religiose o di altro genere\u00bb. Secondo Tito Russo coordinatore nazionale dell&#8217;Unione degli studenti (Uds).\u00c8 solo uno spot estivo. \u00c8 grottesco che il ministro Gelmini si preoccupi dell&#8217;Anagrafe degli studenti quando le scuole non sanno come pagare gli stipendi e che programmi fare a settembre\u00bb. Ad avviso di Manuela Ghizzoni, capogruppo del Pd in Commissione istruzione alla Camera, \u00abE&#8217; un modo inadeguato e ambiguo di affrontare la dispersione scolastica che violenta la privacy degli studenti e l&#8217;intimit\u00e0 della sfera familiare visto che il ministro Gelmini sembra interessato anche a schedare gli alunni a seconda che siano figli di genitori separati o meno. Auspichiamo che il Garante limiti fortemente l&#8217;intrusione del ministero nella vita privata degli studenti\u00bb. Alle critiche il Miur ha replicato di non aver \u00abaccesso ai dati individuali, identificativi degli alunni\u00bb ribadendo che \u00abl&#8217;anagrafe \u00e8 finalizzata esclusivamente al monitoraggio dell&#8217;assolvimento dell&#8217;obbligo di istruzione. Non vengono pertanto richiesti dati sulla religione di appartenenza, come invece viene erroneamente riportato da alcune agenzie di stampa. Tutti i dati &#8211; ha concluso il ministero &#8211; vengono raccolti e trattati secondo le modalit\u00e0 previste dal Garante della Privacy. Si tratta pertanto di polemiche che non hanno alcun fondamento\u00bb. <\/span><\/h3>\n<\/div>\n","protected":false},"excerpt":{"rendered":"<p>da il messaggero.it ROMA (9 agosto) &#8211; Contro l&#8217;abbandono scolastico nasce nasce l&#8217;Anagrafe nazionale degli studenti ed \u00e8 subito polemica. La banca dati voluta dal ministro dell&#8217;istruzione Mariastella Gelmini &#8211; con decreto del 5 agosto scorso &#8211; non piace n\u00e9 alla Flc-Cgil,n\u00e9 agli studenti dell&#8217;Uds e tantomeno all&#8217;opposizione del Pd anche se il ministero di [&hellip;]<\/p>\n","protected":false},"author":5,"featured_media":0,"comment_status":"open","ping_status":"open","sticky":false,"template":"","format":"standard","meta":[],"categories":[13],"tags":[],"_links":{"self":[{"href":"https:\/\/iopartecipo.azionecattolica.it\/index.php?rest_route=\/wp\/v2\/posts\/1213"}],"collection":[{"href":"https:\/\/iopartecipo.azionecattolica.it\/index.php?rest_route=\/wp\/v2\/posts"}],"about":[{"href":"https:\/\/iopartecipo.azionecattolica.it\/index.php?rest_route=\/wp\/v2\/types\/post"}],"author":[{"embeddable":true,"href":"https:\/\/iopartecipo.azionecattolica.it\/index.php?rest_route=\/wp\/v2\/users\/5"}],"replies":[{"embeddable":true,"href":"https:\/\/iopartecipo.azionecattolica.it\/index.php?rest_route=%2Fwp%2Fv2%2Fcomments&post=1213"}],"version-history":[{"count":1,"href":"https:\/\/iopartecipo.azionecattolica.it\/index.php?rest_route=\/wp\/v2\/posts\/1213\/revisions"}],"predecessor-version":[{"id":1214,"href":"https:\/\/iopartecipo.azionecattolica.it\/index.php?rest_route=\/wp\/v2\/posts\/1213\/revisions\/1214"}],"wp:attachment":[{"href":"https:\/\/iopartecipo.azionecattolica.it\/index.php?rest_route=%2Fwp%2Fv2%2Fmedia&parent=1213"}],"wp:term":[{"taxonomy":"category","embeddable":true,"href":"https:\/\/iopartecipo.azionecattolica.it\/index.php?rest_route=%2Fwp%2Fv2%2Fcategories&post=1213"},{"taxonomy":"post_tag","embeddable":true,"href":"https:\/\/iopartecipo.azionecattolica.it\/index.php?rest_route=%2Fwp%2Fv2%2Ftags&post=1213"}],"curies":[{"name":"wp","href":"https:\/\/api.w.org\/{rel}","templated":true}]}}