{"id":1221,"date":"2010-09-04T10:14:46","date_gmt":"2010-09-04T09:14:46","guid":{"rendered":"http:\/\/www.azionecattolica.it\/net\/iopartecipo\/?p=1221"},"modified":"2010-09-04T10:17:12","modified_gmt":"2010-09-04T09:17:12","slug":"iii-edizione-festival-uguali%e2%89%89diversi","status":"publish","type":"post","link":"https:\/\/iopartecipo.azionecattolica.it\/?p=1221","title":{"rendered":"III edizione Festival Uguali\u2249Diversi"},"content":{"rendered":"<div class=\"titolo_1\" style=\"text-align: justify;\">Dal 10 al 12 settembre Correggio e Novellara (RE) saranno il cuore pulsante della terza edizione del Festival Uguali_Diversi, un appuntamento culturale di crescente interesse, che nel 2009 ha richiamato oltre 4.100 persone.<\/div>\n<p class=\"testo_1\" style=\"text-align: justify;\">Quest&#8217;anno il programma si \u00e8 sviluppato sul tema \u201c<strong>giovani.con_futuro cercasi\u201d. <\/strong>I 45 protagonisti convocati per le lezioni magistrali, i workshop, gli spettacoli teatrali, concerti e laboratori del gusto offriranno tre giorni intensi ad un pubblico che desidera approfondire tematiche strategiche e di estrema attualit\u00e0.<\/p>\n<p class=\"testo_1\" style=\"text-align: justify;\">\n<div style=\"text-align: justify;\"><span class=\"testo_1\">I giovani con passioni, creativit\u00e0 e spinta imprenditoriale, nelle loro trib\u00f9 \u2013 reali e virtuali \u2013 alle prese con fragilit\u00e0, conflitti generazionali e crisi d\u2019identit\u00e0 costituiscono quel segmento di societ\u00e0 tanto importante quanto ambiguo, che rischia di vedere nel futuro pi\u00f9 minacce che promesse.\u00a0 Filosofi, pedagogisti, docenti, biblisti, artisti e scrittori da tutt\u2019Italia ci accompagneranno in un viaggio nel loro mondo per intravedere qualcosa di presente che prepari al futuro\u2026<\/span><\/div>\n<div style=\"text-align: justify;\">Tra gli amici targati AC che parteciperanno, anche la Segretaria nazionale MSAC Saretta Marotta e l&#8217;assistente nazionale FUCI don Armando Matteo.<\/div>\n<div style=\"text-align: justify;\">guarda qui il <a href=\"http:\/\/www.azionecattolica.it\/net\/iopartecipo\/wp-content\/uploads\/2010\/09\/invito_novellara.pdf\">PROGRAMMA<\/a><\/div>\n<div class=\"container\" style=\"text-align: justify;\">\n<div id=\"mediaspace\" class=\"videoplayer\" dir=\"ltr\">\n<p style=\"text-align: justify;\">\n<\/div>\n<p style=\"text-align: center;\"><object classid=\"clsid:d27cdb6e-ae6d-11cf-96b8-444553540000\" width=\"460\" height=\"259\" codebase=\"http:\/\/download.macromedia.com\/pub\/shockwave\/cabs\/flash\/swflash.cab#version=6,0,40,0\"><param name=\"id\" value=\"player\" \/><param name=\"name\" value=\"player\" \/><param name=\"bgcolor\" value=\"#000000\" \/><param name=\"allowfullscreen\" value=\"true\" \/><param name=\"allowscriptaccess\" value=\"always\" \/><param name=\"backcolor\" value=\"999999\" \/><param name=\"quality\" value=\"best\" \/><param name=\"scale\" value=\"noborder\" \/><param name=\"flashvars\" value=\"file=http:\/\/www.ugualidiversi.org\/video\/ud2010_03.flv&amp;image=http:\/\/www.ugualidiversi.org\/video\/thumb.jpg\" \/><param name=\"src\" value=\"http:\/\/www.ugualidiversi.org\/video\/mediaplayer\/player.swf\" \/><param name=\"vspace\" value=\"0\" \/><param name=\"hspace\" value=\"0\" \/><embed id=\"player\" type=\"application\/x-shockwave-flash\" width=\"460\" height=\"259\" src=\"http:\/\/www.ugualidiversi.org\/video\/mediaplayer\/player.swf\" hspace=\"0\" vspace=\"0\" flashvars=\"file=http:\/\/www.ugualidiversi.org\/video\/ud2010_03.flv&amp;image=http:\/\/www.ugualidiversi.org\/video\/thumb.jpg\" scale=\"noborder\" quality=\"best\" backcolor=\"999999\" allowscriptaccess=\"always\" allowfullscreen=\"true\" bgcolor=\"#000000\" name=\"player\"><\/embed><\/object><\/p>\n<p style=\"text-align: center;\"><a href=\"http:\/\/www.ugualidiversi.org\/\">VEDI IL SITO<\/a><\/p>\n<\/div>\n","protected":false},"excerpt":{"rendered":"<p>Dal 10 al 12 settembre Correggio e Novellara (RE) saranno il cuore pulsante della terza edizione del Festival Uguali_Diversi, un appuntamento culturale di crescente interesse, che nel 2009 ha richiamato oltre 4.100 persone. Quest&#8217;anno il programma si \u00e8 sviluppato sul tema \u201cgiovani.con_futuro cercasi\u201d. I 45 protagonisti convocati per le lezioni magistrali, i workshop, gli spettacoli [&hellip;]<\/p>\n","protected":false},"author":1,"featured_media":0,"comment_status":"open","ping_status":"open","sticky":false,"template":"","format":"standard","meta":[],"categories":[6],"tags":[],"_links":{"self":[{"href":"https:\/\/iopartecipo.azionecattolica.it\/index.php?rest_route=\/wp\/v2\/posts\/1221"}],"collection":[{"href":"https:\/\/iopartecipo.azionecattolica.it\/index.php?rest_route=\/wp\/v2\/posts"}],"about":[{"href":"https:\/\/iopartecipo.azionecattolica.it\/index.php?rest_route=\/wp\/v2\/types\/post"}],"author":[{"embeddable":true,"href":"https:\/\/iopartecipo.azionecattolica.it\/index.php?rest_route=\/wp\/v2\/users\/1"}],"replies":[{"embeddable":true,"href":"https:\/\/iopartecipo.azionecattolica.it\/index.php?rest_route=%2Fwp%2Fv2%2Fcomments&post=1221"}],"version-history":[{"count":2,"href":"https:\/\/iopartecipo.azionecattolica.it\/index.php?rest_route=\/wp\/v2\/posts\/1221\/revisions"}],"predecessor-version":[{"id":1224,"href":"https:\/\/iopartecipo.azionecattolica.it\/index.php?rest_route=\/wp\/v2\/posts\/1221\/revisions\/1224"}],"wp:attachment":[{"href":"https:\/\/iopartecipo.azionecattolica.it\/index.php?rest_route=%2Fwp%2Fv2%2Fmedia&parent=1221"}],"wp:term":[{"taxonomy":"category","embeddable":true,"href":"https:\/\/iopartecipo.azionecattolica.it\/index.php?rest_route=%2Fwp%2Fv2%2Fcategories&post=1221"},{"taxonomy":"post_tag","embeddable":true,"href":"https:\/\/iopartecipo.azionecattolica.it\/index.php?rest_route=%2Fwp%2Fv2%2Ftags&post=1221"}],"curies":[{"name":"wp","href":"https:\/\/api.w.org\/{rel}","templated":true}]}}