{"id":1233,"date":"2010-09-13T09:03:37","date_gmt":"2010-09-13T08:03:37","guid":{"rendered":"http:\/\/www.azionecattolica.it\/net\/iopartecipo\/?p=1233"},"modified":"2010-09-13T09:03:42","modified_gmt":"2010-09-13T08:03:42","slug":"come-si-diventa-insegnanti-la-gelmini-presenta-il-nuovo-regolamento","status":"publish","type":"post","link":"https:\/\/iopartecipo.azionecattolica.it\/?p=1233","title":{"rendered":"Come si diventa insegnanti. La Gelmini presenta il nuovo regolamento"},"content":{"rendered":"<p style=\"text-align: justify;\">Il 10 settembre il ministro dell&#8217;Istruzione Mariastella Gelmini ha presentato il nuovo regolamento per l&#8217;accesso all&#8217;insegnamento. Dal comunicato stampa del MIUR (il regolamento sar\u00e0 pubblicato nei prossimi giorni) si deduce che la novit\u00e0 pi\u00f9 sottolineata (e che gi\u00e0 ci era stata anticipata) \u00e8 l&#8217;anno di <strong>Tirocinio formativo attivo, <\/strong>che sostituirebbe la vecchia SISS biennale. Pi\u00f9 pratica e contatto (tirocinato) con gli studenti, per imparare nella prassi a fare gli insegnanti. Sar\u00e0 a numero chiuso, in quantit\u00e0 stabilita di volta in volta secondo il fabbisogno.<\/p>\n<p style=\"text-align: justify;\">Per accedere all&#8217;anno di tirocinio, bisogna frequentare delle lauree ad hoc. Per la scuola primaria (elementari) una laurea quinquennale a ciclo unico (probabilmente quella che c&#8217;\u00e8 gi\u00e0, cio\u00e8 scienze della formazione), ma a numero chiuso. Per la secondaria (medie e superiori) una laurea magistrale ad hoc (cio\u00e8 una laurea specialistica di due anni creata appositamente), anch&#8217;essa a numero chiuso.<\/p>\n<p style=\"text-align: justify;\">Nel periodo di transizione (per i vecchi laureati) si comincer\u00e0 da subito con dei concorsi per l&#8217;accesso a questo anno di tirocinio formativo attivo, che potrebbe essere attivato gi\u00e0 in questo anno accademico. Il primo concorso dovrebbe essere previsto per questa primavera<\/p>\n<p style=\"text-align: center;\"><a href=\"http:\/\/www.istruzione.it\/web\/ministero\/cs100910\">LEGGI IL COMUNICATO MIUR<\/a><\/p>\n","protected":false},"excerpt":{"rendered":"<p>Il 10 settembre il ministro dell&#8217;Istruzione Mariastella Gelmini ha presentato il nuovo regolamento per l&#8217;accesso all&#8217;insegnamento. Dal comunicato stampa del MIUR (il regolamento sar\u00e0 pubblicato nei prossimi giorni) si deduce che la novit\u00e0 pi\u00f9 sottolineata (e che gi\u00e0 ci era stata anticipata) \u00e8 l&#8217;anno di Tirocinio formativo attivo, che sostituirebbe la vecchia SISS biennale. Pi\u00f9 [&hellip;]<\/p>\n","protected":false},"author":3,"featured_media":0,"comment_status":"open","ping_status":"open","sticky":false,"template":"","format":"standard","meta":[],"categories":[13],"tags":[],"_links":{"self":[{"href":"https:\/\/iopartecipo.azionecattolica.it\/index.php?rest_route=\/wp\/v2\/posts\/1233"}],"collection":[{"href":"https:\/\/iopartecipo.azionecattolica.it\/index.php?rest_route=\/wp\/v2\/posts"}],"about":[{"href":"https:\/\/iopartecipo.azionecattolica.it\/index.php?rest_route=\/wp\/v2\/types\/post"}],"author":[{"embeddable":true,"href":"https:\/\/iopartecipo.azionecattolica.it\/index.php?rest_route=\/wp\/v2\/users\/3"}],"replies":[{"embeddable":true,"href":"https:\/\/iopartecipo.azionecattolica.it\/index.php?rest_route=%2Fwp%2Fv2%2Fcomments&post=1233"}],"version-history":[{"count":2,"href":"https:\/\/iopartecipo.azionecattolica.it\/index.php?rest_route=\/wp\/v2\/posts\/1233\/revisions"}],"predecessor-version":[{"id":1235,"href":"https:\/\/iopartecipo.azionecattolica.it\/index.php?rest_route=\/wp\/v2\/posts\/1233\/revisions\/1235"}],"wp:attachment":[{"href":"https:\/\/iopartecipo.azionecattolica.it\/index.php?rest_route=%2Fwp%2Fv2%2Fmedia&parent=1233"}],"wp:term":[{"taxonomy":"category","embeddable":true,"href":"https:\/\/iopartecipo.azionecattolica.it\/index.php?rest_route=%2Fwp%2Fv2%2Fcategories&post=1233"},{"taxonomy":"post_tag","embeddable":true,"href":"https:\/\/iopartecipo.azionecattolica.it\/index.php?rest_route=%2Fwp%2Fv2%2Ftags&post=1233"}],"curies":[{"name":"wp","href":"https:\/\/api.w.org\/{rel}","templated":true}]}}