{"id":1260,"date":"2010-10-22T23:37:09","date_gmt":"2010-10-22T22:37:09","guid":{"rendered":"http:\/\/iopartecipo.azionecattolica.it\/?p=1260"},"modified":"2010-11-06T16:15:28","modified_gmt":"2010-11-06T15:15:28","slug":"arriva-la-scuola-di-giornalismo-firmata-msac","status":"publish","type":"post","link":"https:\/\/iopartecipo.azionecattolica.it\/?p=1260","title":{"rendered":"Arriva la scuola di giornalismo firmata MSAC"},"content":{"rendered":"<div>\n<div>\n<p style=\"text-align: center;\"><a href=\"http:\/\/www.azionecattolica.it\/net\/iopartecipo\/wp-content\/uploads\/2010\/10\/foto-scuola-di-giornalismo.tiff\"><img class=\"aligncenter\" title=\"foto scuola di giornalismo\" src=\"http:\/\/www.azionecattolica.it\/net\/iopartecipo\/wp-content\/uploads\/2010\/10\/foto-scuola-di-giornalismo.tiff\" alt=\"\" \/><\/a><\/p>\n<p style=\"text-align: justify;\">E&#8217; arrivata la\u00a0<strong>Scuola di giornalismo studentesco, <\/strong>che chiuder\u00e0 i festeggiamenti del centenario msacchino proprio in quel mese di novembre in cui cento anni fa fu deliberato dalla Giunta centrale della Societ\u00e0 della Giovent\u00f9 Cattolica (la nostra AC) la formazione di una rete nazionale dei circoli di studenti delle scuole superiori gi\u00e0 presenti in molte diocesi.<\/p>\n<p style=\"text-align: justify;\">Il giornalismo studentesco fa parte della storia msacchina. Il MSAC si fece promotore del CISS (che, come ci ha raccontato Antonio Minasi nella sua testimonianza, stava per Centro Italiano Stampa Studentesca) che negli anni &#8217;60 sussidiava i giornalini d&#8217;istituto sparsi per l&#8217;Italia fornendo materiali per articoli, approfondimenti, insomma, una vera rete di partecipazione.<\/p>\n<p style=\"text-align: justify;\">E proprio con la partecipazione ci pare che c&#8217;entri il giornalismo studentesco. La\u00a0<strong>partecipazione di carta<\/strong>, la potremmo chiamare! Perch\u00e8 sono proprio i giornalini studenteschi quel luogo fisico fatto di carta e odore d&#8217;inchiostro laser in cui un giovanissimo studente pu\u00f2 respirare nella concretezza di ogni giorno un impegno partecipativo a sua misura. Attraverso la realizzazione (e l&#8217;impegno di fedelt\u00e0 che ne consegue) dei giornalini si sperimenta come sia possibile rimboccarsi le maniche per la propria scuola e cominciare a darsi da fare per il cambiamento&#8230; fosse solo per ora anche solo un impegno di informazione.<\/p>\n<p style=\"text-align: justify;\">Impegno di informazione, quello dei msacchini, ma anche impegno per offrire una piazza virtuale per tutti gli studenti dei propri istituti. Non devono nascere (in TUTTE le diocesi msacchine e non, ovvio!) dei giornalini &#8220;del msac&#8221;. Ma devono essere fogli (realizzati secondo possibilit\u00e0, in tipografia o con la fotocopiatrice del bidello, una dozzina di pagine o un solo A4 fronte retro, a colori su carta patinata o artigianalmente in un bel cartellone sulla bacheca della scuola da aggiornare a m\u00f2 di Tazebao) capaci di ospitare TUTTI. Capaci di offrire una tribuna per discutere le proprie idee, capaci di ascolto e di discussione, capaci di indurre alla riflessione, capaci di essere davvero patrimonio di tutti, e non solo propriet\u00e0 privata del movimento. Per questo per la scelta dei temi (persino del nome) da mettere su questi giornali serve un po&#8217; di &#8230; pensiero<\/p>\n<p style=\"text-align: justify;\">Ed \u00e8 per questo che abbiamo pensato di offrire a tutti i msacchini una vivace\u00a0<strong>scuola di giornalismo studentesco. <\/strong>Giornalisti esperti vicini all&#8217;associazione e non (molti sono ex msacchini!!!) ci daranno molte dritte per affrontare l&#8217;impegno giornalistico tra i banchi di scuola e, chiss\u00e0, magari per appassionarci ad una professione!<\/p>\n<p style=\"text-align: justify;\">L\u2019abbiamo chiamata <strong>LINKIOSTRO. Sulle tracce di Prometeo. <\/strong>Modernit\u00e0 e cultura libresca si incontrano in questo titolo, un po\u2019 a dire le sfide degli studenti di oggi. \u201cLinkiostro\u201d perch\u00e8 i luoghi della partecipazione non sono fatti ormai solo di carta, ma possono assumere le forme di blog, siti, newsletter, facebook\u2026 \u201cPrometeo\u201d perch\u00e8 questo personaggio un po\u2019 dimenticato della mitologia classica ci piace. Prometeo \u00e8 il titano che regala il fuoco agli uomini. \u00c8 colui che \u201cvede prima\u201d, previene. Prometeo mette al servizio degli uomini la sua forza e la sua conoscenza per donare all\u2019umanit\u00e0 ci\u00f2 di cui ha bisogno e che da sola non pu\u00f2 raggiungere, proprio perch\u00e8 non lo conosce, non sa, non \u201cvede\u201d, o almeno, non vede cos\u00ec lontano. Ci sembra la metafora giusta per indicare il lavoro del giornalista, chi, cio\u00e8, dovrebbe sempre essere al servizio della gente, pronto a \u201cvedere prima\u201d, a scovare ci\u00f2 che \u00e8 importante e \u201cinvisibile agli occhi\u201d (o se preferite, ai media) per porlo all\u2019attenzione dell\u2019opinione pubblica. \u00c8 anche un compito educativo, il suo, non di poco conto. Ma \u00e8 soprattutto una responsabilit\u00e0 di cittadinanza, alla quale ci piacerebbe poter appassionare anche i giovanissimi studenti delle scuole superiori.\u00a0 E noi, siamo pronti a raccogliere la sfida?<\/p>\n<p style=\"text-align: justify;\">Vi aspettiamo tutti a Roma dal\u00a0<strong>19 al 21 novembre!!!<\/strong><\/p>\n<p style=\"text-align: center;\"><span style=\"color: #ff0000;\"> <\/span><strong><span style=\"color: #ff0000;\">AGGIORNATO!!<\/span>! <\/strong><a href=\"http:\/\/www.azionecattolica.it\/net\/iopartecipo\/wp-content\/uploads\/2010\/11\/programma-ufficiale-sdgs.pdf\">SCARICA IL PROGRAMMA<\/a> <strong><span style=\"color: #ff0000;\">AGGIORNATO!!!<\/span><\/strong><\/p>\n<p style=\"text-align: center;\"><span style=\"color: #ff0000;\"><a href=\"http:\/\/www.azionecattolica.it\/net\/iopartecipo\/wp-content\/uploads\/2010\/10\/Note-tecniche-Scuola-giornalismo-2010-3.doc\">SCARICA LE NOTE TECNICHE<\/a><\/span><\/p>\n<p style=\"text-align: center;\"><a href=\"http:\/\/www.azionecattolica.it\/net\/iopartecipo\/wp-content\/uploads\/2010\/11\/Scheda-iscrizione-Scuola-giornalismo-2010.rtf\">SCHEDA DI ISCRIZIONE<\/a><\/p>\n<\/div>\n<\/div>\n","protected":false},"excerpt":{"rendered":"<p>E&#8217; arrivata la\u00a0Scuola di giornalismo studentesco, che chiuder\u00e0 i festeggiamenti del centenario msacchino proprio in quel mese di novembre in cui cento anni fa fu deliberato dalla Giunta centrale della Societ\u00e0 della Giovent\u00f9 Cattolica (la nostra AC) la formazione di una rete nazionale dei circoli di studenti delle scuole superiori gi\u00e0 presenti in molte diocesi. [&hellip;]<\/p>\n","protected":false},"author":3,"featured_media":0,"comment_status":"open","ping_status":"open","sticky":false,"template":"","format":"standard","meta":[],"categories":[6],"tags":[],"_links":{"self":[{"href":"https:\/\/iopartecipo.azionecattolica.it\/index.php?rest_route=\/wp\/v2\/posts\/1260"}],"collection":[{"href":"https:\/\/iopartecipo.azionecattolica.it\/index.php?rest_route=\/wp\/v2\/posts"}],"about":[{"href":"https:\/\/iopartecipo.azionecattolica.it\/index.php?rest_route=\/wp\/v2\/types\/post"}],"author":[{"embeddable":true,"href":"https:\/\/iopartecipo.azionecattolica.it\/index.php?rest_route=\/wp\/v2\/users\/3"}],"replies":[{"embeddable":true,"href":"https:\/\/iopartecipo.azionecattolica.it\/index.php?rest_route=%2Fwp%2Fv2%2Fcomments&post=1260"}],"version-history":[{"count":10,"href":"https:\/\/iopartecipo.azionecattolica.it\/index.php?rest_route=\/wp\/v2\/posts\/1260\/revisions"}],"predecessor-version":[{"id":1281,"href":"https:\/\/iopartecipo.azionecattolica.it\/index.php?rest_route=\/wp\/v2\/posts\/1260\/revisions\/1281"}],"wp:attachment":[{"href":"https:\/\/iopartecipo.azionecattolica.it\/index.php?rest_route=%2Fwp%2Fv2%2Fmedia&parent=1260"}],"wp:term":[{"taxonomy":"category","embeddable":true,"href":"https:\/\/iopartecipo.azionecattolica.it\/index.php?rest_route=%2Fwp%2Fv2%2Fcategories&post=1260"},{"taxonomy":"post_tag","embeddable":true,"href":"https:\/\/iopartecipo.azionecattolica.it\/index.php?rest_route=%2Fwp%2Fv2%2Ftags&post=1260"}],"curies":[{"name":"wp","href":"https:\/\/api.w.org\/{rel}","templated":true}]}}