{"id":1275,"date":"2010-11-03T08:57:08","date_gmt":"2010-11-03T07:57:08","guid":{"rendered":"http:\/\/iopartecipo.azionecattolica.it\/?p=1275"},"modified":"2010-11-03T08:57:08","modified_gmt":"2010-11-03T07:57:08","slug":"giornalini-studenteschi-ditalia-unitevi","status":"publish","type":"post","link":"https:\/\/iopartecipo.azionecattolica.it\/?p=1275","title":{"rendered":"Giornalini studenteschi d&#8217;Italia unitevi!"},"content":{"rendered":"<h3>Cari msacchini!<\/h3>\n<h3 style=\"text-align: justify;\">avete un giornalino msacchino, msaccoso, studentesco che esce quando pu\u00f2 o che ci prova? inviateci un piccolo spot (30 secondi di durata) in cui ci dite del vostro giornalino. potete scegliere tra raccontarne una caratteristica, un perch\u00e8, una modalit\u00e0, ecc&#8230; lo spot verr\u00e0 montato insieme con altri per la scuola di giornalismo. ci contiamo!<\/h3>\n<h3 style=\"text-align: justify;\">INVIATE IL TUTTO NON OLTRE IL 15 NOVEMBRE!!!!<\/h3>\n<h3 style=\"text-align: justify;\">per chiarimenti chiedete a msac@azionecattolica.it<\/h3>\n","protected":false},"excerpt":{"rendered":"<p>Cari msacchini! avete un giornalino msacchino, msaccoso, studentesco che esce quando pu\u00f2 o che ci prova? inviateci un piccolo spot (30 secondi di durata) in cui ci dite del vostro giornalino. potete scegliere tra raccontarne una caratteristica, un perch\u00e8, una modalit\u00e0, ecc&#8230; lo spot verr\u00e0 montato insieme con altri per la scuola di giornalismo. ci [&hellip;]<\/p>\n","protected":false},"author":3,"featured_media":0,"comment_status":"open","ping_status":"open","sticky":false,"template":"","format":"standard","meta":[],"categories":[6],"tags":[],"_links":{"self":[{"href":"https:\/\/iopartecipo.azionecattolica.it\/index.php?rest_route=\/wp\/v2\/posts\/1275"}],"collection":[{"href":"https:\/\/iopartecipo.azionecattolica.it\/index.php?rest_route=\/wp\/v2\/posts"}],"about":[{"href":"https:\/\/iopartecipo.azionecattolica.it\/index.php?rest_route=\/wp\/v2\/types\/post"}],"author":[{"embeddable":true,"href":"https:\/\/iopartecipo.azionecattolica.it\/index.php?rest_route=\/wp\/v2\/users\/3"}],"replies":[{"embeddable":true,"href":"https:\/\/iopartecipo.azionecattolica.it\/index.php?rest_route=%2Fwp%2Fv2%2Fcomments&post=1275"}],"version-history":[{"count":1,"href":"https:\/\/iopartecipo.azionecattolica.it\/index.php?rest_route=\/wp\/v2\/posts\/1275\/revisions"}],"predecessor-version":[{"id":1276,"href":"https:\/\/iopartecipo.azionecattolica.it\/index.php?rest_route=\/wp\/v2\/posts\/1275\/revisions\/1276"}],"wp:attachment":[{"href":"https:\/\/iopartecipo.azionecattolica.it\/index.php?rest_route=%2Fwp%2Fv2%2Fmedia&parent=1275"}],"wp:term":[{"taxonomy":"category","embeddable":true,"href":"https:\/\/iopartecipo.azionecattolica.it\/index.php?rest_route=%2Fwp%2Fv2%2Fcategories&post=1275"},{"taxonomy":"post_tag","embeddable":true,"href":"https:\/\/iopartecipo.azionecattolica.it\/index.php?rest_route=%2Fwp%2Fv2%2Ftags&post=1275"}],"curies":[{"name":"wp","href":"https:\/\/api.w.org\/{rel}","templated":true}]}}