{"id":128,"date":"2008-10-13T09:20:07","date_gmt":"2008-10-13T08:20:07","guid":{"rendered":"http:\/\/www.azionecattolica.it\/net\/iopartecipo\/?p=128"},"modified":"2008-10-15T11:39:45","modified_gmt":"2008-10-15T10:39:45","slug":"editoriale-ernesto-galli-della-loggia","status":"publish","type":"post","link":"https:\/\/iopartecipo.azionecattolica.it\/?p=128","title":{"rendered":"Editoriale Ernesto Galli della Loggia"},"content":{"rendered":"<p class=\"MsoNormal\" style=\"text-align: center;\">Riportiamo l\u2019editoriale di Ernesto Galli della Loggia pubblicato sul Corriere della Sera del 13 ottobre. Buona lettura!!<\/p>\n<p class=\"MsoNormal\" style=\"text-align: center;\"><strong><a href=\"http:\/\/www.azionecattolica.it\/net\/iopartecipo\/wp-content\/uploads\/2008\/10\/gallidellaloggia_agf1.jpg\"><img loading=\"lazy\" class=\"size-medium wp-image-129  aligncenter\" title=\"ERNESTO GALLI DELLA LOGGIA\" src=\"http:\/\/www.azionecattolica.it\/net\/iopartecipo\/wp-content\/uploads\/2008\/10\/gallidellaloggia_agf1.jpg\" alt=\"\" width=\"479\" height=\"343\" \/><\/a><\/strong><\/p>\n<p class=\"MsoNormal\" style=\"text-align: center;\"><strong>Scuola, i riformisti del no<\/strong><\/p>\n<p class=\"MsoNormal\" style=\"text-align: center;\"><span><em>\u00a0di Ernesto Galli Della Loggia\u00a0<\/em><\/span><\/p>\n<p class=\"MsoNormal\" style=\"text-align: justufy;\"><span>Che cosa realmente sanno della scuola, della causa per cui protestavano, gli studenti che l&#8217;altro giorno hanno affollato le vie e le piazze d&#8217;Italia? Probabilmente solo che il potere, cattivo per definizione (figuriamoci poi se \u00e8 di destra!), vuole fare dei \u00abtagli\u00bb, termine altrettanto sgradevole per definizione, e imporre regole limitatrici della precedente libert\u00e0 (grembiule, valore del voto di condotta), dunque sgradevoli anch&#8217;esse. Sapevano, sanno solo questo, non per colpa loro ma perch\u00e9 ormai da tempo in Italia, nel dibattito tra maggioranza e minoranza, e di conseguenza nel discorso pubblico, la realt\u00e0, i dati, non riescono ad avere alcun peso, dal momento che su di essi sembra lecito dire tutto e il contrario di tutto. Nulla \u00e8 vero e nulla \u00e8 falso, contano solo le opinioni e i fatti meno di zero.<\/span><\/p>\n<p class=\"MsoNormal\"><span>Esemplare di questo disprezzo per la realt\u00e0 continua a essere il dibattito sulla scuola. C&#8217;\u00e8 un ministro, Mariastella Gelmini, che dice che la scuola italiana non funziona. Porta delle cifre: sul numero eccessivo d&#8217;insegnanti, sull&#8217;eccessiva percentuale assorbita dagli stipendi rispetto al bilancio complessivo, sui risultati modesti degli studenti, sulla discutibile organizzazione della scuola nel Mezzogiorno; evoca poi fenomeni sotto gli occhi di tutti: l&#8217;allentamento della disciplina, gli episodi di vero e proprio teppismo nelle aule scolastiche. E alla fine fa delle proposte. Discutibilissime naturalmente, ma la caratteristica singolare dell&#8217;Italia \u00e8 che nessuno, e men che meno l&#8217;opposizione, men che meno il sindacato della scuola che pure si prepara a uno sciopero generale di protesta, sembra interessato a discutere di niente. N\u00e9 dell&#8217;analisi n\u00e9 di possibili rimedi alternativi a quelli proposti.<\/span><\/p>\n<p class=\"MsoNormal\"><span>Cosa pensa ad esempio dei dati presentati dal ministro Gelmini il ministro ombra dell&#8217;istruzione del Pd, la senatrice Garavaglia? Sono veri? Sono falsi? E cosa indicano a suo giudizio? Che la scuola italiana funziona bene o che funziona male? E se \u00e8 cos\u00ec, lei e il suo partito che cosa propongono? \u2028Non lo sappiamo, e bisogna ammettere che per delle forze politiche e sindacali che si richiamano con forza al riformismo si tratta di un atteggiamento non poco contraddittorio. Riformismo, infatti, dovrebbe significare prima di tutto la consapevolezza di che cosa va cambiato, e poi, di conseguenza, la capacit\u00e0 di indicare i cambiamenti del caso: le riforme appunto. Non significa dire solo no alle riforme altrui, e basta.\u2028Infatti, alla fine, dato il silenzio circa qualsiasi misura nel merito, l&#8217;unica proposta che rimane sul tappeto da parte del Partito democratico e del sindacato appare essere virtualmente solo quella di lasciare le cose come stanno. Naturalmente nessuno si prende la responsabilit\u00e0 di dirlo esplicitamente, ma ancor meno nessuno osa esprimere il minimo suggerimento concreto.<\/span><\/p>\n<p class=\"MsoNormal\"><span>In realt\u00e0, a proposito della scuola una proposta precisa \u00e8 stata ed \u00e8 avanzata di continuo dall&#8217;opposizione politico-sindacale. Alla scuola \u2014 ci viene detto \u2014 servono pi\u00f9 soldi (nel discorso pubblico italiano, di qualsiasi cosa si tratti, servono sempre o \u00abben altro\u00bb o \u00abpi\u00f9 soldi\u00bb). Insomma, la colpa del malfunzionamento della scuola starebbe nelle poche risorse di cui essa dispone: ci\u00f2 che almeno serve politicamente a rendere ancor pi\u00f9 deplorevole la recente decisione del ministro del Tesoro di togliergliene delle altre. Peccato per\u00f2 che pure in questo caso, per dirla con le parole di uno studioso che non milita certo nel campo della destra, Carlo Trigilia, sul Sole-24 ore di marted\u00ec scorso, dall&#8217;opposizione \u00abnon \u00e8 stata elaborata alcuna proposta di manovra finanziaria che spiegasse se e come era possibile coniugare rigore finanziario e scelte concrete diverse da quelle del governo\u00bb. Dunque neppure sul come e dove trovare quei benedetti soldi l&#8217;opinione pubblica ha la minima indicazione su cui discutere, su cui fare confronti e alla fine farsi un&#8217;idea.<\/span><\/p>\n<p class=\"MsoNormal\"><span>Questo non tenere conto dei fatti, dei dati concreti, questo continuo scansare la realt\u00e0, finiscono cos\u00ec per diventare uno dei principali alimenti della diffusa ineducazione politica degli italiani. Nel caso della scuola contribuiscono a far credere a tanti, a tanti insegnanti, a tanti studenti, di vivere in un Paese governato da ministri sadici, nemici dell&#8217;istruzione, che chiss\u00e0 perch\u00e9 rifiutano di distribuire risorse che invece ci sono; contribuisce a far credere a tante scuole, a tante Universit\u00e0, che i problemi possono risolversi con la messa in scena spettrale \u2014 pi\u00f9 o meno per il quarantesimo anno consecutivo! \u2014 dell&#8217;ennesimo corteo, dell&#8217;ennesima \u00abokkupazione\u00bb.<\/span><\/p>\n<p class=\"MsoNormal\"><em><span>Corriere della Sera, 13 ottobre\u00a02008<\/span><strong><\/strong><\/em><\/p>\n","protected":false},"excerpt":{"rendered":"<p>Riportiamo l\u2019editoriale di Ernesto Galli della Loggia pubblicato sul Corriere della Sera del 13 ottobre. Buona lettura!! Scuola, i riformisti del no \u00a0di Ernesto Galli Della Loggia\u00a0 Che cosa realmente sanno della scuola, della causa per cui protestavano, gli studenti che l&#8217;altro giorno hanno affollato le vie e le piazze d&#8217;Italia? Probabilmente solo che il [&hellip;]<\/p>\n","protected":false},"author":5,"featured_media":0,"comment_status":"open","ping_status":"open","sticky":false,"template":"","format":"standard","meta":[],"categories":[5],"tags":[8],"_links":{"self":[{"href":"https:\/\/iopartecipo.azionecattolica.it\/index.php?rest_route=\/wp\/v2\/posts\/128"}],"collection":[{"href":"https:\/\/iopartecipo.azionecattolica.it\/index.php?rest_route=\/wp\/v2\/posts"}],"about":[{"href":"https:\/\/iopartecipo.azionecattolica.it\/index.php?rest_route=\/wp\/v2\/types\/post"}],"author":[{"embeddable":true,"href":"https:\/\/iopartecipo.azionecattolica.it\/index.php?rest_route=\/wp\/v2\/users\/5"}],"replies":[{"embeddable":true,"href":"https:\/\/iopartecipo.azionecattolica.it\/index.php?rest_route=%2Fwp%2Fv2%2Fcomments&post=128"}],"version-history":[{"count":14,"href":"https:\/\/iopartecipo.azionecattolica.it\/index.php?rest_route=\/wp\/v2\/posts\/128\/revisions"}],"predecessor-version":[{"id":131,"href":"https:\/\/iopartecipo.azionecattolica.it\/index.php?rest_route=\/wp\/v2\/posts\/128\/revisions\/131"}],"wp:attachment":[{"href":"https:\/\/iopartecipo.azionecattolica.it\/index.php?rest_route=%2Fwp%2Fv2%2Fmedia&parent=128"}],"wp:term":[{"taxonomy":"category","embeddable":true,"href":"https:\/\/iopartecipo.azionecattolica.it\/index.php?rest_route=%2Fwp%2Fv2%2Fcategories&post=128"},{"taxonomy":"post_tag","embeddable":true,"href":"https:\/\/iopartecipo.azionecattolica.it\/index.php?rest_route=%2Fwp%2Fv2%2Ftags&post=128"}],"curies":[{"name":"wp","href":"https:\/\/api.w.org\/{rel}","templated":true}]}}