{"id":1296,"date":"2010-11-26T17:20:00","date_gmt":"2010-11-26T16:20:00","guid":{"rendered":"http:\/\/iopartecipo.azionecattolica.it\/?p=1296"},"modified":"2010-11-26T17:20:24","modified_gmt":"2010-11-26T16:20:24","slug":"souvenir-dalla-scuola-di-giornalismo","status":"publish","type":"post","link":"https:\/\/iopartecipo.azionecattolica.it\/?p=1296","title":{"rendered":"Souvenir dalla scuola di giornalismo"},"content":{"rendered":"<p style=\"text-align: justify;\"><em>Dal 19 al 21 novembre la nostra \u201cDomus Mariae\u201d ha ospitato i 60 ragazzi che hanno dato vita alla scuola di giornalismo studentesco &#8220;<\/em><em>Linkiostro: sulle tracce di Prometeo<\/em><em>.&#8221; Un\u2019esperienza straordinaria che don Nicol\u00f2 Tempesta, il nostro assistente nazionale, ha dedicato idealmente a don Lorenzo Milani.<\/em><\/p>\n<p style=\"text-align: justify;\"><em>&#8212;&#8212;&#8212;&#8212;&#8212;&#8212;&#8212;&#8212;&#8212;&#8212;&#8212;&#8212;&#8212;&#8212;&#8212;&#8212;-<\/em><\/p>\n<p style=\"text-align: justify;\"><em> <\/em><\/p>\n<p style=\"text-align: justify;\"><em> <\/em><\/p>\n<p style=\"text-align: justify;\"><em> <\/em><\/p>\n<p style=\"text-align: justify;\"><em> <\/em><\/p>\n<div style=\"text-align: justify;\">\n<div><img loading=\"lazy\" class=\"alignright\" src=\"http:\/\/www2.azionecattolica.it\/sites\/default\/files\/imagecache\/resizer\/\/sites\/default\/files\/foto-scuola-di-giornalismo.jpg\" alt=\"\" width=\"250\" height=\"241\" \/><\/div>\n<\/div>\n<p style=\"text-align: justify;\">\n<p style=\"text-align: justify;\"><em><span style=\"font-style: normal;\">Caro don Lorenzo, sono stato nella chiesa di sant\u2019Andrea a Barbiana: una piccolissima parrocchia sul monte Giovi, nel territorio del comune di Vicchio del Mugello. La chiesa del 1300 e la canonica, situate a 475 metri di altitudine sopra il vasto paesaggio della valle della Sieve, sono ancora, circondate da poche case e dal minuscolo cimitero. Eppure Barbiana, grazie alla tua \u201cesperienza pastorale\u201d di priore iniziata l\u20198 dicembre 1954, \u00e8 diventata una sorta di cattedra della parola.<br \/>\nIn questo fine settimana, mi \u00e8 piaciuto associare la nostra \u2018Domus Mariae\u2019 proprio alla tua scuola e i circa 60 ragazzi che hanno dato vita alla scuola di giornalismo studentesco, ai tuoi ragazzi di Barbiana. Hai proprio ragione caro don Lorenzo quando gi\u00e0 nel 1950 avevi sostenuto che: \u00abCi\u00f2 che manca \u00e8 il dominio sulla parola. Sulla parola altrui per afferrarne l\u2019intima essenza e i confini precisi, sulla propria perch\u00e9 esprima senza sforzo e senza tradimenti le infinite ricchezze che la mente racchiude\u00bb.<br \/>\nRiscoprire e rilanciare il giornalismo studentesco significa per noi rendere una redazione giornalistica un\u2019autentica forma di educazione per fare della parola uno spazio d\u2019amore. Solo cos\u00ec l\u2019informazione pu\u00f2 far lievitare la verit\u00e0 della vita, del mondo, della politica, della comunicazione.<br \/>\nNon esiste, caro don Lorenzo, verit\u00e0 senza amore per coloro cui si annuncia la parola. Sei un prete come me e sono sicuro che non ti dispiacerebbe se il sostantivo parola avesse la P maiuscola: segno di un parola pi\u00f9 grande che diventa nella nostra vita carne e quindi amore. Ci siamo confrontati con professionisti del mondo stampato dando vita a dei veri e propri laboratori di inchiostro che fanno trasparire la verit\u00e0 della storia e della geografia che viviamo. Siamo partiti da come i fatti diventano notizie e ci si \u00e8 resi conto che: \u00abIl desiderio di esprimere il nostro pensiero e il pensiero altrui \u00e8 l\u2019amore. \u00c8 il tentativo di esprimere le verit\u00e0 che solo s\u2019intuiscono le fa trovare a noi e agli altri\u00bb, cos\u00ec come avevi scritto al signor Lovato. L\u2019amore \u00e8 la radice in cui innestare l\u2019informazione che oggi sempre pi\u00f9 sembra non appartenere al bene di tutti ma esclusivamente nelle mani di pochi.<br \/>\nAbbiamo voluto, proprio come a Barbiana, offrire una tribuna per discutere le proprie idee, riscoprire la capacit\u00e0 di ascolto e di discussione, l\u2019audacia di indurre alla riflessione, capaci di rendere la parola davvero patrimonio di tutti e non solo propriet\u00e0 privata di una determinata oligarchia di persone. Per questo per la scelta dei temi (persino del nome) da mettere su questi giornali serve un po\u2019 di \u2026 pensiero!<br \/>\nSai una cosa? Abbiamo chiamato questa esperienzaLinkiostro: sulle tracce di Prometeo! Modernit\u00e0 e cultura libresca si incontrano in questo titolo, un po\u2019 a dire le sfide degli studenti di oggi. \u201cLinkiostro\u201d perch\u00e9 i luoghi della partecipazione non sono fatti ormai solo di carta, ma possono assumere le forme di blog, siti, newsletter, facebook\u2026 \u201cPrometeo\u201d perch\u00e9 questo personaggio un po\u2019 dimenticato della mitologia classica ci piace. Prometeo \u00e8 il titano che regala il fuoco agli uomini. \u00c8 colui che \u201cvede prima\u201d, previene. Prometeo mette al servizio degli uomini la sua forza e la sua conoscenza per donare all\u2019umanit\u00e0 ci\u00f2 di cui ha bisogno e che da sola non pu\u00f2 raggiungere, proprio perch\u00e9 non riesce a vedere cos\u00ec lontano. Ci sembra la metafora giusta per indicare il lavoro del giornalista, chi, cio\u00e8, dovrebbe sempre essere al servizio della gente, pronto a \u201cvedere prima\u201d, a scovare ci\u00f2 che \u00e8 importante e \u201cinvisibile agli occhi\u201d (o se preferite, ai media) per porlo all\u2019attenzione dell\u2019opinione pubblica. \u00c8 anche un compito educativo, il suo, non di poco conto. Ma \u00e8 soprattutto una responsabilit\u00e0 di cittadinanza, alla quale ci piacerebbe poterci appassionare.<br \/>\nLa tua passione fu insegnare parole, promuovere umanamente i ragazzi, aiutarli a essere cittadini e credenti seri. Il tuo fu un amore concreto e fattivo, per questo ti diciamo grazie! L\u2019informazione dovrebbe servirci proprio a questo: renderci educatori attenti e non superficiali che vivono la complessit\u00e0 consapevoli che \u201cle parole non le portano le cicogne\u201d per questo rimandano ai fatti. Quando siamo capaci di andare in profondit\u00e0, allora diamo alle parole il profumo della profezia. Siamo sicuri che sei d\u2019accordo con noi: i docenti, gli educatori, noi preti \u201cnon dovremmo preoccuparci di cosa bisogna fare per fare scuola, ma solo di come bisogna essere per poter fare scuola\u201d.<br \/>\nCaro don Lorenzo, questi giorni romani, ci hanno permesso di fare della parola uno spazio di educazione, un luogo educativo dove si impara per primi ad ascoltare per fare delle parole creativit\u00e0 e dell\u2019informazione la casa della verit\u00e0. Sono sicuro che ogni qualvolta ci viene nostalgia di una parola buona, seria, limpida, pulita, non contaminata, vera, creativa, efficace\u2026ritorneremo, se non fisicamente, almeno col cuore a Barbiana, cattedra della parola che si fa serva perch\u00e9 sa educare.<\/span><\/em><\/p>\n","protected":false},"excerpt":{"rendered":"<p>Dal 19 al 21 novembre la nostra \u201cDomus Mariae\u201d ha ospitato i 60 ragazzi che hanno dato vita alla scuola di giornalismo studentesco &#8220;Linkiostro: sulle tracce di Prometeo.&#8221; Un\u2019esperienza straordinaria che don Nicol\u00f2 Tempesta, il nostro assistente nazionale, ha dedicato idealmente a don Lorenzo Milani. &#8212;&#8212;&#8212;&#8212;&#8212;&#8212;&#8212;&#8212;&#8212;&#8212;&#8212;&#8212;&#8212;&#8212;&#8212;&#8212;- Caro don Lorenzo, sono stato nella chiesa di sant\u2019Andrea [&hellip;]<\/p>\n","protected":false},"author":1,"featured_media":0,"comment_status":"open","ping_status":"open","sticky":false,"template":"","format":"standard","meta":[],"categories":[6],"tags":[],"_links":{"self":[{"href":"https:\/\/iopartecipo.azionecattolica.it\/index.php?rest_route=\/wp\/v2\/posts\/1296"}],"collection":[{"href":"https:\/\/iopartecipo.azionecattolica.it\/index.php?rest_route=\/wp\/v2\/posts"}],"about":[{"href":"https:\/\/iopartecipo.azionecattolica.it\/index.php?rest_route=\/wp\/v2\/types\/post"}],"author":[{"embeddable":true,"href":"https:\/\/iopartecipo.azionecattolica.it\/index.php?rest_route=\/wp\/v2\/users\/1"}],"replies":[{"embeddable":true,"href":"https:\/\/iopartecipo.azionecattolica.it\/index.php?rest_route=%2Fwp%2Fv2%2Fcomments&post=1296"}],"version-history":[{"count":2,"href":"https:\/\/iopartecipo.azionecattolica.it\/index.php?rest_route=\/wp\/v2\/posts\/1296\/revisions"}],"predecessor-version":[{"id":1298,"href":"https:\/\/iopartecipo.azionecattolica.it\/index.php?rest_route=\/wp\/v2\/posts\/1296\/revisions\/1298"}],"wp:attachment":[{"href":"https:\/\/iopartecipo.azionecattolica.it\/index.php?rest_route=%2Fwp%2Fv2%2Fmedia&parent=1296"}],"wp:term":[{"taxonomy":"category","embeddable":true,"href":"https:\/\/iopartecipo.azionecattolica.it\/index.php?rest_route=%2Fwp%2Fv2%2Fcategories&post=1296"},{"taxonomy":"post_tag","embeddable":true,"href":"https:\/\/iopartecipo.azionecattolica.it\/index.php?rest_route=%2Fwp%2Fv2%2Ftags&post=1296"}],"curies":[{"name":"wp","href":"https:\/\/api.w.org\/{rel}","templated":true}]}}