{"id":1324,"date":"2010-12-16T00:35:19","date_gmt":"2010-12-15T23:35:19","guid":{"rendered":"http:\/\/iopartecipo.azionecattolica.it\/?p=1324"},"modified":"2010-12-16T00:53:20","modified_gmt":"2010-12-15T23:53:20","slug":"dal-2-al-5-gennaio-2011-i-campi-interregionali-per-studenti-cips","status":"publish","type":"post","link":"https:\/\/iopartecipo.azionecattolica.it\/?p=1324","title":{"rendered":"Dal 2 al 5 gennaio 2011 i campi interregionali per studenti (CIPS)"},"content":{"rendered":"<p style=\"text-align: center;\"><img loading=\"lazy\" class=\"aligncenter\" src=\"http:\/\/www.ferievacanze.com\/italia.gif\" alt=\"\" width=\"319\" height=\"386\" \/><\/p>\n<p style=\"text-align: center;\">\n<div id=\"_mcePaste\">Roma, 15 dicembre 2010<\/div>\n<div id=\"_mcePaste\">Prot. n. 217\/10<\/div>\n<div id=\"_mcePaste\" style=\"text-align: right;\">Ai segretari diocesani MSAC<\/div>\n<div id=\"_mcePaste\" style=\"text-align: right;\">Agli assistenti diocesani MSAC e del SG<\/div>\n<div id=\"_mcePaste\" style=\"text-align: right;\">Ai vicepresidenti diocesani del SG<\/div>\n<div id=\"_mcePaste\" style=\"text-align: right;\">Agli incaricati regionali del SG<\/div>\n<div id=\"_mcePaste\" style=\"text-align: right;\">e p. c. Ai presidenti diocesani<\/div>\n<div style=\"text-align: justify;\">Carissimi msacchini, carissimi responsabili diocesani,<\/div>\n<div id=\"_mcePaste\" style=\"text-align: justify;\">vi inviamo finalmente tramite questa comunicazione le note tecniche della nostra iniziativa dei mesi invernali. I Campi Interregionali per Studenti (CIPS) sono un proposta pensata per giovanissimi studenti delle scuole e delle parrocchie di tutta Italia. Sono campi aperti a tutti, che non presuppongono null\u2019altro che l\u2019essere semplicemente studenti, a prescindere dalla conoscenza o meno della proposta msacchina. Pensiamo che il modo migliore per informarsi e appassionarsi alla ricchezza del MSAC sia proprio il \u201cCONTAGIO\u201d. Abbiamo allora voluto proporre a livello interregionale tre giorni di esperienza concreta dello stare tra i banchi scolastici in pieno stile msacchino. Le tre proposte, differenziate per luoghi, avranno lo stesso tema e lo stesso programma, presentando una serie di laboratori che metteranno in grado chi non conosce il movimento di saperne di pi\u00f9 ed essere pronto a far partire l\u2019esperienza in diocesi, e a chi \u00e8 responsabile o msacchino gi\u00e0 da un po\u2019 di tempo, di approfondire alcuni argomenti e di cominciare il percorso che ci porter\u00e0 alla celebrazione del CONGRESSO NAZIONALE MSAC che si terr\u00e0 a Roma dall\u20198 al 10 aprile 2011. I cips non si limiteranno a PROPORRE IL MSAC, ma presenteranno uno stile concreto per vivere la propria condizione studentesca rendendola una quotidiana, affascinante avventura alla sequela del Vangelo.<\/div>\n<div id=\"_mcePaste\" style=\"text-align: justify;\">Vi invitiamo a fare tesoro di questa occasione, per trasformarla in prezioso dono offerto ai giovanissimi delle vostre parrocchie e diocesi. Regalatevi e regalate un CIPS! \u00c8 il modo forse pi\u00f9 caloroso per accompagnare i vostri ragazzi in questo duro passaggio che li vedr\u00e0 impegnati nelle prossime settimane, dopo questi mesi di fremito profondo, di scalpitamenti e scalpiccio per le piazze delle loro citt\u00e0 tra le manifestazioni; un trapasso da questi mesi \u201ceccezionali\u201d alla quotidianit\u00e0 dei ritmi scolastici che riprendono come sempre, nonostante qualcosa nella scuola sia cambiato, nonostante \u201cl\u2019onda\u201d si sia infranta sugli ispidi scogli del decisionismo ministeriale. Perch\u00e9 quest\u2019intenso momento di partecipazione che i ragazzi hanno vissuto negli scorsi mesi non si tramuti in sommessa delusione, occorre aiutare i ragazzi a rilanciare il proprio protagonismo, indicando loro gli stili concreti di un impegno quotidiano di partecipazione e cittadinanza. Pensiamo sia possibile, pensiamo che si possa abitare la scuola come casa!<\/div>\n<div id=\"_mcePaste\" style=\"text-align: justify;\">Provare per credere, allora! Saranno gli stessi msacchini delle diocesi a raccontare ai propri coetanei cosa ha da proporre lo stile associativo dell\u2019AC davanti a questi problemi. \u00c8 proprio questa la ricchezza dei campi interregionali: aperti a tutti, sono il luogo privilegiato per conoscere le realt\u00e0 degli altri circoli e intrecciare relazioni con le diocesi della propria regione, anche grazie alla presenza preziosa e responsabile degli incaricati e degli assistenti regionali.<\/div>\n<div id=\"_mcePaste\" style=\"text-align: justify;\">Provare per credere, allora, di nuovo! Le iscrizioni sono aperte da questo momento fino al 30 dicembre. Per ogni diocesi \u00e8 indicata la partecipazione di un massimo di 20 persone. Altre richieste verranno valutate in base alla disponibilit\u00e0 delle case. L\u2019invito \u00e8 rivolto ovviamente davvero a tutti, soprattutto giovanissimi e diocesi in erba, che non conoscono il msac, ma anche per i msacchini delle diocesi sar\u00e0 una preziosa occasione formativa.<\/div>\n<div id=\"_mcePaste\" style=\"text-align: justify;\">Vi abbracciamo allora e vi salutiamo, sperando di vedervi tutti uno per uno a Levico Terme, (in provincia di Trento), a Fognano, (vicino Faenza, in provincia di Ravenna), e a Napoli.<\/div>\n<div id=\"_mcePaste\" style=\"text-align: justify;\">Nel frattempo vi auguriamo buon avvento!<\/div>\n<div style=\"text-align: justify;\"><strong>La segreteria nazionale MSAC<\/strong><\/div>\n<p><strong>Saretta, don Nicol\u00f2, Elena, Marco e Stefano<\/strong><\/p>\n<p style=\"text-align: center;\"><strong><a href=\"http:\/\/www.azionecattolica.it\/net\/iopartecipo\/wp-content\/uploads\/2010\/12\/note-tecniche.rtf\">SCARICA LE NOTE TECNICHE<\/a><br \/>\n<a href=\"http:\/\/www.azionecattolica.it\/net\/iopartecipo\/wp-content\/uploads\/2010\/12\/scheda-discrizione-2.rtf\">SCARICA LA SCHEDA DI ISCRIZIONE<\/a><\/strong><\/p>\n<p style=\"text-align: center;\"><strong><a href=\"http:\/\/www.azionecattolica.it\/net\/iopartecipo\/wp-content\/uploads\/2010\/12\/lettera-cips.doc\">SCARICA LA LETTERA <\/a><\/strong><\/p>\n","protected":false},"excerpt":{"rendered":"<p>Roma, 15 dicembre 2010 Prot. n. 217\/10 Ai segretari diocesani MSAC Agli assistenti diocesani MSAC e del SG Ai vicepresidenti diocesani del SG Agli incaricati regionali del SG e p. c. Ai presidenti diocesani Carissimi msacchini, carissimi responsabili diocesani, vi inviamo finalmente tramite questa comunicazione le note tecniche della nostra iniziativa dei mesi invernali. I [&hellip;]<\/p>\n","protected":false},"author":1,"featured_media":0,"comment_status":"open","ping_status":"open","sticky":false,"template":"","format":"standard","meta":[],"categories":[6],"tags":[],"_links":{"self":[{"href":"https:\/\/iopartecipo.azionecattolica.it\/index.php?rest_route=\/wp\/v2\/posts\/1324"}],"collection":[{"href":"https:\/\/iopartecipo.azionecattolica.it\/index.php?rest_route=\/wp\/v2\/posts"}],"about":[{"href":"https:\/\/iopartecipo.azionecattolica.it\/index.php?rest_route=\/wp\/v2\/types\/post"}],"author":[{"embeddable":true,"href":"https:\/\/iopartecipo.azionecattolica.it\/index.php?rest_route=\/wp\/v2\/users\/1"}],"replies":[{"embeddable":true,"href":"https:\/\/iopartecipo.azionecattolica.it\/index.php?rest_route=%2Fwp%2Fv2%2Fcomments&post=1324"}],"version-history":[{"count":6,"href":"https:\/\/iopartecipo.azionecattolica.it\/index.php?rest_route=\/wp\/v2\/posts\/1324\/revisions"}],"predecessor-version":[{"id":1329,"href":"https:\/\/iopartecipo.azionecattolica.it\/index.php?rest_route=\/wp\/v2\/posts\/1324\/revisions\/1329"}],"wp:attachment":[{"href":"https:\/\/iopartecipo.azionecattolica.it\/index.php?rest_route=%2Fwp%2Fv2%2Fmedia&parent=1324"}],"wp:term":[{"taxonomy":"category","embeddable":true,"href":"https:\/\/iopartecipo.azionecattolica.it\/index.php?rest_route=%2Fwp%2Fv2%2Fcategories&post=1324"},{"taxonomy":"post_tag","embeddable":true,"href":"https:\/\/iopartecipo.azionecattolica.it\/index.php?rest_route=%2Fwp%2Fv2%2Ftags&post=1324"}],"curies":[{"name":"wp","href":"https:\/\/api.w.org\/{rel}","templated":true}]}}