{"id":1394,"date":"2011-02-28T15:13:44","date_gmt":"2011-02-28T14:13:44","guid":{"rendered":"http:\/\/iopartecipo.azionecattolica.it\/?p=1394"},"modified":"2011-02-28T15:14:18","modified_gmt":"2011-02-28T14:14:18","slug":"la-scuola-e-lunita","status":"publish","type":"post","link":"https:\/\/iopartecipo.azionecattolica.it\/?p=1394","title":{"rendered":"La scuola e l&#8217;Unit\u00e0"},"content":{"rendered":"<blockquote>\n<p style=\"text-align: justify;\"><strong>&#8220;La scuola di Stato, la scuola democratica, \u00e8 una scuola che ha un carattere unitario, \u00e8 la scuola di tutti, crea cittadini, non crea n\u00e9 cattolici, n\u00e9 protestanti, n\u00e9 marxisti. La scuola \u00e8 l&#8217;espressione di un altro articolo della Costituzione: dell&#8217;art. 3: &#8220;Tutti i cittadini hanno parit\u00e0 sociale e sono eguali davanti alla legge, senza distinzione di sesso, di razza, di lingua, di religione, di opinione politica, di condizioni personali e sociali&#8221;. E l&#8217;art. 151: &#8220;Tutti i cittadini possono accedere agli uffici pubblici e alle cariche elettive in condizioni di eguaglianza, secondo i requisiti stabiliti dalla legge&#8221;. Di questi due articoli deve essere strumento la scuola di Stato, strumento di questa eguaglianza civica, di questo rispetto per le libert\u00e0 di tutte le fedi e di tutte le opinioni.&#8221;<\/strong><\/p>\n<p style=\"text-align: right;\"><em>Piero Calamandrei<\/em><\/p>\n<\/blockquote>\n","protected":false},"excerpt":{"rendered":"<p>&#8220;La scuola di Stato, la scuola democratica, \u00e8 una scuola che ha un carattere unitario, \u00e8 la scuola di tutti, crea cittadini, non crea n\u00e9 cattolici, n\u00e9 protestanti, n\u00e9 marxisti. La scuola \u00e8 l&#8217;espressione di un altro articolo della Costituzione: dell&#8217;art. 3: &#8220;Tutti i cittadini hanno parit\u00e0 sociale e sono eguali davanti alla legge, senza [&hellip;]<\/p>\n","protected":false},"author":3,"featured_media":0,"comment_status":"open","ping_status":"open","sticky":false,"template":"","format":"standard","meta":[],"categories":[7],"tags":[],"_links":{"self":[{"href":"https:\/\/iopartecipo.azionecattolica.it\/index.php?rest_route=\/wp\/v2\/posts\/1394"}],"collection":[{"href":"https:\/\/iopartecipo.azionecattolica.it\/index.php?rest_route=\/wp\/v2\/posts"}],"about":[{"href":"https:\/\/iopartecipo.azionecattolica.it\/index.php?rest_route=\/wp\/v2\/types\/post"}],"author":[{"embeddable":true,"href":"https:\/\/iopartecipo.azionecattolica.it\/index.php?rest_route=\/wp\/v2\/users\/3"}],"replies":[{"embeddable":true,"href":"https:\/\/iopartecipo.azionecattolica.it\/index.php?rest_route=%2Fwp%2Fv2%2Fcomments&post=1394"}],"version-history":[{"count":2,"href":"https:\/\/iopartecipo.azionecattolica.it\/index.php?rest_route=\/wp\/v2\/posts\/1394\/revisions"}],"predecessor-version":[{"id":1396,"href":"https:\/\/iopartecipo.azionecattolica.it\/index.php?rest_route=\/wp\/v2\/posts\/1394\/revisions\/1396"}],"wp:attachment":[{"href":"https:\/\/iopartecipo.azionecattolica.it\/index.php?rest_route=%2Fwp%2Fv2%2Fmedia&parent=1394"}],"wp:term":[{"taxonomy":"category","embeddable":true,"href":"https:\/\/iopartecipo.azionecattolica.it\/index.php?rest_route=%2Fwp%2Fv2%2Fcategories&post=1394"},{"taxonomy":"post_tag","embeddable":true,"href":"https:\/\/iopartecipo.azionecattolica.it\/index.php?rest_route=%2Fwp%2Fv2%2Ftags&post=1394"}],"curies":[{"name":"wp","href":"https:\/\/api.w.org\/{rel}","templated":true}]}}