{"id":1397,"date":"2011-03-01T09:55:18","date_gmt":"2011-03-01T08:55:18","guid":{"rendered":"http:\/\/iopartecipo.azionecattolica.it\/?p=1397"},"modified":"2011-03-01T09:55:18","modified_gmt":"2011-03-01T08:55:18","slug":"la-cei-risponde-a-berlusconi-e-difende-la-scuola-pubblica","status":"publish","type":"post","link":"https:\/\/iopartecipo.azionecattolica.it\/?p=1397","title":{"rendered":"La CEI risponde a Berlusconi e difende la scuola pubblica"},"content":{"rendered":"<p><strong>da avvenire.it<\/strong><\/p>\n<p style=\"text-align: justify;\">&#8220;La Chiesa, come sempre, ha molta stima e fiducia nella scuola perch\u00e9 \u00e8 un luogo privilegiato dell&#8217;educazione, tanto pi\u00f9 che siamo nell&#8217;ambito del decennio sulla sfida educativa, che la Cei ha scelto. Quindi ci sta a cuore l&#8217;educazione integrale anche attraverso la scuola e in qualunque sede, statale o non statale, l&#8217;importante \u00e8 che ci sia questa istruzione ma anche questa formazione della persona che \u00e8 scopo della scuola a tutti i livelli&#8221;: ad affermarlo l&#8217;arcivescovo di Genova e presidente della Cei, cardinale Angelo Bagnasco, a margine dell&#8217;incontro &#8220;La formazione della coscienza nel Beato John Henry Newman&#8221;.<\/p>\n<p>&#8220;Ci sono tantissimi insegnanti e operatori che sappiamo che si dedicano al proprio lavoro con grande generosit\u00e0, impegno e competenza, sia nella scuola statale che non statale. Quindi il merito va a loro&#8221;. &#8220;Tutti quanti &#8211; ha aggiunto &#8211; ci auguriamo che anche la libert\u00e0 di scelta dei genitori nell&#8217;educazione dei figli possa essere concretizzata sempre pi\u00f9 e meglio ma questo riguarda un altro aspetto della scuola non statale&#8221;. &#8220;In generale &#8211; ha concluso &#8211; sicuramente tutti auspichiamo che la scuola, a tutti i livelli e in tutte le sedi, possa veramente rispondere ai desideri dei genitori per i loro figli&#8221;.<\/p>\n","protected":false},"excerpt":{"rendered":"<p>da avvenire.it &#8220;La Chiesa, come sempre, ha molta stima e fiducia nella scuola perch\u00e9 \u00e8 un luogo privilegiato dell&#8217;educazione, tanto pi\u00f9 che siamo nell&#8217;ambito del decennio sulla sfida educativa, che la Cei ha scelto. Quindi ci sta a cuore l&#8217;educazione integrale anche attraverso la scuola e in qualunque sede, statale o non statale, l&#8217;importante \u00e8 [&hellip;]<\/p>\n","protected":false},"author":3,"featured_media":0,"comment_status":"open","ping_status":"open","sticky":false,"template":"","format":"standard","meta":[],"categories":[12],"tags":[],"_links":{"self":[{"href":"https:\/\/iopartecipo.azionecattolica.it\/index.php?rest_route=\/wp\/v2\/posts\/1397"}],"collection":[{"href":"https:\/\/iopartecipo.azionecattolica.it\/index.php?rest_route=\/wp\/v2\/posts"}],"about":[{"href":"https:\/\/iopartecipo.azionecattolica.it\/index.php?rest_route=\/wp\/v2\/types\/post"}],"author":[{"embeddable":true,"href":"https:\/\/iopartecipo.azionecattolica.it\/index.php?rest_route=\/wp\/v2\/users\/3"}],"replies":[{"embeddable":true,"href":"https:\/\/iopartecipo.azionecattolica.it\/index.php?rest_route=%2Fwp%2Fv2%2Fcomments&post=1397"}],"version-history":[{"count":1,"href":"https:\/\/iopartecipo.azionecattolica.it\/index.php?rest_route=\/wp\/v2\/posts\/1397\/revisions"}],"predecessor-version":[{"id":1398,"href":"https:\/\/iopartecipo.azionecattolica.it\/index.php?rest_route=\/wp\/v2\/posts\/1397\/revisions\/1398"}],"wp:attachment":[{"href":"https:\/\/iopartecipo.azionecattolica.it\/index.php?rest_route=%2Fwp%2Fv2%2Fmedia&parent=1397"}],"wp:term":[{"taxonomy":"category","embeddable":true,"href":"https:\/\/iopartecipo.azionecattolica.it\/index.php?rest_route=%2Fwp%2Fv2%2Fcategories&post=1397"},{"taxonomy":"post_tag","embeddable":true,"href":"https:\/\/iopartecipo.azionecattolica.it\/index.php?rest_route=%2Fwp%2Fv2%2Ftags&post=1397"}],"curies":[{"name":"wp","href":"https:\/\/api.w.org\/{rel}","templated":true}]}}