{"id":1511,"date":"2011-04-11T05:18:22","date_gmt":"2011-04-11T04:18:22","guid":{"rendered":"http:\/\/iopartecipo.azionecattolica.it\/?p=1511"},"modified":"2011-04-13T05:44:43","modified_gmt":"2011-04-13T04:44:43","slug":"faldone-pd-on-line-secondo-quadrimestre","status":"publish","type":"post","link":"https:\/\/iopartecipo.azionecattolica.it\/?p=1511","title":{"rendered":"Faldone P&#038;D on line secondo quadrimestre"},"content":{"rendered":"<p style=\"text-align: center;\"><img loading=\"lazy\" class=\"aligncenter\" src=\"http:\/\/www.azionecattolica.it\/settori\/MSAC\/img_hp\/pd_newlogo\" alt=\"\" width=\"249\" height=\"108\" \/><\/p>\n<p style=\"text-align: justify;\"><span style=\"font-weight: normal;\"><strong>Social Network: l&#8217;impegno sociale a scuola<\/strong><\/span><\/p>\n<p style=\"text-align: justify;\"><strong><span style=\"font-weight: normal;\">E&#8217; questo il titolo della quarta tappa della proposta formativa MSAC 2010\/2011. <\/span><\/strong>Questo faldone vuole sognare \u201cuna scuola che si impegna\u201d, una scuola che faccia dell\u2019attenzione alle problematiche sociali un punto imprescindibile della sua offerta formativa.<\/p>\n<p style=\"text-align: justify;\">Le schede di questo faldone sono tre, ed ognuna si occupa di un diverso ambito di impegno che pu\u00f2 interessare la scuola. La prima riguarda il <strong>problema energetico e del riciclo<\/strong>. Anche se per alcuni questa tematica pu\u00f2 sembrare una minestra scaldata, ci sono tantissime scuole e zone d\u2019Italia in cui questa non \u00e8 nemmeno una preoccupazione. Cos\u2019\u00e8 l\u2019energia? Da dove si ricava? Che peso pu\u00f2 avere il riciclo nella politica energetica di uno stato e di una citt\u00e0? Come pu\u00f2 contribuire la scuola a questa \u201cbuona battaglia\u201d?<\/p>\n<p style=\"text-align: justify;\">La seconda scheda riguarda la <strong>donazione degli organi<\/strong>. Succede che ci si interessi di questi temi solo quando si viene toccati in prima persona. La disponibilit\u00e0 di persone che rinunciano ad una piccola parte di s\u00e9 per la vita degli altri \u00e8 sempre necessaria, l\u2019esigenza medica di disponibilit\u00e0 \u00e8 costante. Tuttavia a causa dell\u2019ignoranza del problema, della disinformazione riguardo alle modalit\u00e0 e ai rischi della donazione, sono sempre troppo poche le persone che si prestano a donare gli organi.<\/p>\n<p style=\"text-align: justify;\">Infine, la terza scheda mette a tema l\u2019<strong>orientamento<\/strong> <strong>al lavoro<\/strong>. Questa tematica non \u00e8 slegata dal mondo della scuola superiore, e neppure riguarda soltanto gli istituti tecnici e professionali. La scuola, in quanto istituzione che prepara ad affrontare il futuro, non pu\u00f2 esimersi dal preparare gli studenti ad affrontare il mondo del lavoro. Prepararsi al mondo del lavoro non significa soltanto trasmettere conoscenze spendibili \u201csul mercato\u201d. Significa innanzitutto dare agli studenti un \u201csenso\u201d del lavoro, un modo di intendere la professione. Questo perch\u00e9 il lavoro \u00e8 una attivit\u00e0 fondamentale dell\u2019essere umano, e dato il peso che questa attivit\u00e0 occupa, fraintenderne il significato \u00e8 un grande rischio. Per questo \u00e8 necessario che la scuola pubblica abbia questa attenzione, e non passi la palla alle universit\u00e0 piuttosto che al volontariato delle associazioni.<\/p>\n<p style=\"text-align: justify;\">Questi sono solo alcuni dei possibili ambiti in cui la scuola pu\u00f2 impegnarsi.<\/p>\n<p style=\"text-align: justify;\">La sfida contenuta in questo faldone \u00e8 grande, e di sicuro non \u00e8 facile. Si tratta di fare nascere e crescere una sensibilit\u00e0, sia tra gli studenti sia tra i professori della scuola ed i dirigenti scolastici. Si tratta di attivare un \u201csocial network\u201d, una rete di attenzioni sociali all\u2019interno della scuola, per trasmettere sensibilit\u00e0 e attivare operazioni. Si tratta di mettere all\u2019attenzione problematiche reali, che prima o poi dovranno essere affrontate. Si tratta non solo di attivare noi stessi e i nostri compagni di banco, ma di attivare la scuola stessa, di darle nuovi obiettivi e nuovi impegni, di darle un nuovo slancio. Buon lavoro!<\/p>\n<p style=\"text-align: justify;\">\n<p style=\"text-align: center;\"><a href=\"http:\/\/www.azionecattolica.it\/net\/iopartecipo\/wp-content\/uploads\/2011\/04\/Social-Network.doc\">SCARICA IL FALDONE!!!!<\/a><\/p>\n","protected":false},"excerpt":{"rendered":"<p>Social Network: l&#8217;impegno sociale a scuola E&#8217; questo il titolo della quarta tappa della proposta formativa MSAC 2010\/2011. Questo faldone vuole sognare \u201cuna scuola che si impegna\u201d, una scuola che faccia dell\u2019attenzione alle problematiche sociali un punto imprescindibile della sua offerta formativa. Le schede di questo faldone sono tre, ed ognuna si occupa di un [&hellip;]<\/p>\n","protected":false},"author":1,"featured_media":0,"comment_status":"open","ping_status":"open","sticky":false,"template":"","format":"standard","meta":[],"categories":[6],"tags":[],"_links":{"self":[{"href":"https:\/\/iopartecipo.azionecattolica.it\/index.php?rest_route=\/wp\/v2\/posts\/1511"}],"collection":[{"href":"https:\/\/iopartecipo.azionecattolica.it\/index.php?rest_route=\/wp\/v2\/posts"}],"about":[{"href":"https:\/\/iopartecipo.azionecattolica.it\/index.php?rest_route=\/wp\/v2\/types\/post"}],"author":[{"embeddable":true,"href":"https:\/\/iopartecipo.azionecattolica.it\/index.php?rest_route=\/wp\/v2\/users\/1"}],"replies":[{"embeddable":true,"href":"https:\/\/iopartecipo.azionecattolica.it\/index.php?rest_route=%2Fwp%2Fv2%2Fcomments&post=1511"}],"version-history":[{"count":4,"href":"https:\/\/iopartecipo.azionecattolica.it\/index.php?rest_route=\/wp\/v2\/posts\/1511\/revisions"}],"predecessor-version":[{"id":1514,"href":"https:\/\/iopartecipo.azionecattolica.it\/index.php?rest_route=\/wp\/v2\/posts\/1511\/revisions\/1514"}],"wp:attachment":[{"href":"https:\/\/iopartecipo.azionecattolica.it\/index.php?rest_route=%2Fwp%2Fv2%2Fmedia&parent=1511"}],"wp:term":[{"taxonomy":"category","embeddable":true,"href":"https:\/\/iopartecipo.azionecattolica.it\/index.php?rest_route=%2Fwp%2Fv2%2Fcategories&post=1511"},{"taxonomy":"post_tag","embeddable":true,"href":"https:\/\/iopartecipo.azionecattolica.it\/index.php?rest_route=%2Fwp%2Fv2%2Ftags&post=1511"}],"curies":[{"name":"wp","href":"https:\/\/api.w.org\/{rel}","templated":true}]}}