{"id":162,"date":"2008-10-21T18:21:28","date_gmt":"2008-10-21T17:21:28","guid":{"rendered":"http:\/\/www.azionecattolica.it\/net\/iopartecipo\/?p=162"},"modified":"2008-10-21T18:22:09","modified_gmt":"2008-10-21T17:22:09","slug":"proposta-audizione-camera-un-parere","status":"publish","type":"post","link":"https:\/\/iopartecipo.azionecattolica.it\/?p=162","title":{"rendered":"Proposta audizione Camera. Un parere"},"content":{"rendered":"<p style=\"text-align: center;\">Pubblichiamo qui, per la rubrica &#8220;Dico la Mia!&#8221;, l&#8217;articolo che ci ha inviato Francesco Mulas, consigliere diocesano dell&#8217;AC di Sassari<\/p>\n<p style=\"text-align: center;\">A seguire il suo articolo<\/p>\n<p style=\"text-align: center;\"><!--more--><\/p>\n<p style=\"text-align: center;\">\n<p class=\"MsoNormal\" style=\"text-align: center;\" align=\"center\"><big><strong>La scuola sul piano didattico<\/strong><\/big><\/p>\n<p class=\"MsoNormal\" style=\"text-align: center;\" align=\"center\"><strong><big>\u201c<em>Maestro unico scelta superata<\/em>\u201d<\/big><\/strong><\/p>\n<p class=\"MsoNormal\" style=\"text-align: justify;\">La cosiddetta riforma della scuola sta creando legittimo malumore. Nessuna consultazione con parti sociali e soprattutto con gli \u201caddetti ai lavori\u201d: quando si cerca di dialogare, si viene accusati di strumentalizzare.<\/p>\n<p class=\"MsoNormal\" style=\"text-align: justify;\">Il diritto all\u2019istruzione pubblica dovrebbe essere garantito a tutti da uno Stato democratico. La scuola finisce, invece, sotto la mannaia delle leggi finanziarie. Molteplici vincoli consistenti in un drastico taglio della spesa, che essendo quasi tutta fatta di stipendi non pu\u00f2 che significare un drastico taglio degli organici, o meglio del numero complessivo di dipendenti, compresi quelli a tempo determinato e i supplenti.<\/p>\n<p class=\"MsoNormal\" style=\"text-align: justify;\">Si sa che ci sono paesi piccoli con pochi abitanti ed alunni, ma \u00e8 concepibile chiudere la scuola e costringere i bambini al pendoralismo? Le piccole classi fanno media numerica con quelle dei centri urbani, perci\u00f2 sembra sempre che i docenti siano troppi. Il caos che si verifica in tante scuole pubbliche per improvvisi e lungi lavori di messa in sicurezza potrebbe facilmente causare la fuga di tanti alunni verso scuole private.<\/p>\n<p class=\"MsoNormal\" style=\"text-align: justify;\">Si ripropone il maestro unico in una societ\u00e0 multirazziale, pluralistica, con alunni che navigano in internet ed hanno un modo diverso di apprendere e partecipare al proprio Sapere. Il maestro unico era stato liquidato negli anni \u201990 per esigenze sociali e per le nuove richieste formative, non \u201cper esigenze occupazionali\u201d come dice il Ministro Gelmini.<\/p>\n<p class=\"MsoNormal\" style=\"text-align: justify;\">Nessun governo ha mai pensato seriamente a promuovere l\u2019occupazione, anzi: gli insegnanti hanno dovuto lottare per mantenere i posti di lavoro esistenti. Il maestro unico \u00e8 stato eccellente negli anni passati, in una societ\u00e0 diversa. Ma che cosa dire dei metodi correttivi di un tempo? Attualmente anche il rimprovero verbale viene messo in discussione. Autoritarismo od autorevolezza? Ma perch\u00e9 mai un alunno dovrebbe rispettare un docente che viene disprezzato dalla societ\u00e0?<\/p>\n<p class=\"MsoNormal\" style=\"text-align: justify;\">Positivo il voto in condotta, ma si sa che certi comportamenti derivano da profondi disagi sociali e familiari. Sarebbero necessari buoni esempi, di politiche sociali ed occupazionali e di credibilit\u00e0 degli adulti. Ma che esempio danno le risse dei parlamentari? Zero in condotta a certi politici! Il debito pubblico devono sanarlo solo i lavoratori del pubblico impiego. Che dire degli stipendi faraonici di politici che neppure governano bene? Non ci sono indagini Ocse per la politica? Peccato. Le ore di contemporaneit\u00e0 tra docenti servono per le supplenze e per qualche intervento di recupero scolastico.<\/p>\n<p class=\"MsoNormal\" style=\"text-align: justify;\">Sono una risorsa in tutti i sensi, a solo danno dei supplenti precari, che perdono un\u2019occasione di lavoro. Si prevedono in futuro classi pi\u00f9 numerose, migliaia di esuberi e si lasceranno tanti alunni disabili senza insegnanti di sostegno. Ci saranno scuole di serie A e B, si potr\u00e0 avere una scuola di qualit\u00e0 solo per i ricchi? Tra l\u2019altro, molte donne sono docenti, altro che quote rosa! Promesse disattese, verit\u00e0 taciute. Nel paese delle bugie, la verit\u00e0 \u00e8 una malattia.<\/p>\n<p class=\"MsoNormal\" style=\"text-align: justify;\">\n<p class=\"MsoNormal\" style=\"text-align: right;\"><span> <\/span><span> <\/span><span> <\/span>Francesco Mulas<\/p>\n<p class=\"MsoNormal\" style=\"text-align: right;\"><span> <\/span>Consigliere diocesano di A.C. \u2013 Arcidiocesi di Sassari<\/p>\n","protected":false},"excerpt":{"rendered":"<p>Pubblichiamo qui, per la rubrica &#8220;Dico la Mia!&#8221;, l&#8217;articolo che ci ha inviato Francesco Mulas, consigliere diocesano dell&#8217;AC di Sassari A seguire il suo articolo<\/p>\n","protected":false},"author":1,"featured_media":0,"comment_status":"open","ping_status":"open","sticky":false,"template":"","format":"standard","meta":[],"categories":[7],"tags":[],"_links":{"self":[{"href":"https:\/\/iopartecipo.azionecattolica.it\/index.php?rest_route=\/wp\/v2\/posts\/162"}],"collection":[{"href":"https:\/\/iopartecipo.azionecattolica.it\/index.php?rest_route=\/wp\/v2\/posts"}],"about":[{"href":"https:\/\/iopartecipo.azionecattolica.it\/index.php?rest_route=\/wp\/v2\/types\/post"}],"author":[{"embeddable":true,"href":"https:\/\/iopartecipo.azionecattolica.it\/index.php?rest_route=\/wp\/v2\/users\/1"}],"replies":[{"embeddable":true,"href":"https:\/\/iopartecipo.azionecattolica.it\/index.php?rest_route=%2Fwp%2Fv2%2Fcomments&post=162"}],"version-history":[{"count":2,"href":"https:\/\/iopartecipo.azionecattolica.it\/index.php?rest_route=\/wp\/v2\/posts\/162\/revisions"}],"predecessor-version":[{"id":164,"href":"https:\/\/iopartecipo.azionecattolica.it\/index.php?rest_route=\/wp\/v2\/posts\/162\/revisions\/164"}],"wp:attachment":[{"href":"https:\/\/iopartecipo.azionecattolica.it\/index.php?rest_route=%2Fwp%2Fv2%2Fmedia&parent=162"}],"wp:term":[{"taxonomy":"category","embeddable":true,"href":"https:\/\/iopartecipo.azionecattolica.it\/index.php?rest_route=%2Fwp%2Fv2%2Fcategories&post=162"},{"taxonomy":"post_tag","embeddable":true,"href":"https:\/\/iopartecipo.azionecattolica.it\/index.php?rest_route=%2Fwp%2Fv2%2Ftags&post=162"}],"curies":[{"name":"wp","href":"https:\/\/api.w.org\/{rel}","templated":true}]}}