{"id":1630,"date":"2011-08-27T17:32:26","date_gmt":"2011-08-27T16:32:26","guid":{"rendered":"http:\/\/iopartecipo.azionecattolica.it\/?p=1630"},"modified":"2011-08-27T17:33:18","modified_gmt":"2011-08-27T16:33:18","slug":"la-gmg-dei-msacchini","status":"publish","type":"post","link":"https:\/\/iopartecipo.azionecattolica.it\/?p=1630","title":{"rendered":"La GMG dei msacchini"},"content":{"rendered":"<p><a href=\"http:\/\/www.azionecattolica.it\/net\/iopartecipo\/wp-content\/uploads\/2011\/08\/jmj.jpg\"><img loading=\"lazy\" class=\"alignleft size-medium wp-image-1632\" title=\"jmj\" src=\"http:\/\/www.azionecattolica.it\/net\/iopartecipo\/wp-content\/uploads\/2011\/08\/jmj-300x300.jpg\" alt=\"\" width=\"300\" height=\"300\" srcset=\"https:\/\/iopartecipo.azionecattolica.it\/wp-content\/uploads\/2011\/08\/jmj-300x300.jpg 300w, https:\/\/iopartecipo.azionecattolica.it\/wp-content\/uploads\/2011\/08\/jmj-150x150.jpg 150w, https:\/\/iopartecipo.azionecattolica.it\/wp-content\/uploads\/2011\/08\/jmj.jpg 500w\" sizes=\"(max-width: 300px) 100vw, 300px\" \/><\/a><\/p>\n<p>Una settimana fa, a quest&#8217;ora, eravamo ai cuatro vientos sotto il sole cocente (ma non ci \u00e8 toccato solo il sole, sabato scorso&#8230;) ad aspettare &#8220;firmes en la f\u00e8&#8221; l&#8217;arrivo del Papa con cui abbiamo vegliato e celebrato la messa il giorno dopo&#8230;<\/p>\n<p>S\u00ec, ho scritto &#8220;eravamo&#8221; perch\u00e9 a Madrid di msacchini ce n&#8217;erano proprio tanti, tantissimi! Ci siamo incontrati per strada, riconoscendo magari da lontano una maglietta tipicamente msacchina, nella metro, in treno, alle catechesi, all&#8217;aeroporto prima del ritorno a casa, alla festa del FIAC, un&#8217; occasione speciale in cui abbiamo potuto conoscere giovani di AC di tutto il mondo&#8230;<\/p>\n<p>Sicuramente abbiamo vissuto giorni molto intensi e ricchi di emozioni ed incontri. Per molti (per non dire tutti), probabilmente Madrid \u00e8 stato l&#8217;ultimo viaggio di quest&#8217;estate prima di riprendere in mano i libri e ricominciare a pensare all&#8217;inizio della scuola ormai alle porte&#8230;<\/p>\n<p>E allora perch\u00e9 non proviamo a raccontarci quest&#8217;esperienza! cosa ci siamo portati a casa? che segno ha lasciato su di noi Madrid? cos&#8217;\u00e8 che ci ha colpito maggiormente? siamo curiosissimi&#8230;<\/p>\n<p style=\"text-align: center;\"><a href=\"http:\/\/www.azionecattolica.it\/net\/iopartecipo\/wp-content\/uploads\/2011\/08\/295933_10150298928607094_163033737093_8101474_2859510_n.jpg\"><img loading=\"lazy\" class=\"aligncenter size-full wp-image-1631\" title=\"295933_10150298928607094_163033737093_8101474_2859510_n\" src=\"http:\/\/www.azionecattolica.it\/net\/iopartecipo\/wp-content\/uploads\/2011\/08\/295933_10150298928607094_163033737093_8101474_2859510_n.jpg\" alt=\"\" width=\"576\" height=\"432\" srcset=\"https:\/\/iopartecipo.azionecattolica.it\/wp-content\/uploads\/2011\/08\/295933_10150298928607094_163033737093_8101474_2859510_n.jpg 720w, https:\/\/iopartecipo.azionecattolica.it\/wp-content\/uploads\/2011\/08\/295933_10150298928607094_163033737093_8101474_2859510_n-300x225.jpg 300w\" sizes=\"(max-width: 576px) 100vw, 576px\" \/><\/a><\/p>\n<p>&nbsp;<\/p>\n","protected":false},"excerpt":{"rendered":"<p>Una settimana fa, a quest&#8217;ora, eravamo ai cuatro vientos sotto il sole cocente (ma non ci \u00e8 toccato solo il sole, sabato scorso&#8230;) ad aspettare &#8220;firmes en la f\u00e8&#8221; l&#8217;arrivo del Papa con cui abbiamo vegliato e celebrato la messa il giorno dopo&#8230; S\u00ec, ho scritto &#8220;eravamo&#8221; perch\u00e9 a Madrid di msacchini ce n&#8217;erano proprio [&hellip;]<\/p>\n","protected":false},"author":161,"featured_media":0,"comment_status":"open","ping_status":"open","sticky":false,"template":"","format":"standard","meta":[],"categories":[7],"tags":[],"_links":{"self":[{"href":"https:\/\/iopartecipo.azionecattolica.it\/index.php?rest_route=\/wp\/v2\/posts\/1630"}],"collection":[{"href":"https:\/\/iopartecipo.azionecattolica.it\/index.php?rest_route=\/wp\/v2\/posts"}],"about":[{"href":"https:\/\/iopartecipo.azionecattolica.it\/index.php?rest_route=\/wp\/v2\/types\/post"}],"author":[{"embeddable":true,"href":"https:\/\/iopartecipo.azionecattolica.it\/index.php?rest_route=\/wp\/v2\/users\/161"}],"replies":[{"embeddable":true,"href":"https:\/\/iopartecipo.azionecattolica.it\/index.php?rest_route=%2Fwp%2Fv2%2Fcomments&post=1630"}],"version-history":[{"count":3,"href":"https:\/\/iopartecipo.azionecattolica.it\/index.php?rest_route=\/wp\/v2\/posts\/1630\/revisions"}],"predecessor-version":[{"id":1635,"href":"https:\/\/iopartecipo.azionecattolica.it\/index.php?rest_route=\/wp\/v2\/posts\/1630\/revisions\/1635"}],"wp:attachment":[{"href":"https:\/\/iopartecipo.azionecattolica.it\/index.php?rest_route=%2Fwp%2Fv2%2Fmedia&parent=1630"}],"wp:term":[{"taxonomy":"category","embeddable":true,"href":"https:\/\/iopartecipo.azionecattolica.it\/index.php?rest_route=%2Fwp%2Fv2%2Fcategories&post=1630"},{"taxonomy":"post_tag","embeddable":true,"href":"https:\/\/iopartecipo.azionecattolica.it\/index.php?rest_route=%2Fwp%2Fv2%2Ftags&post=1630"}],"curies":[{"name":"wp","href":"https:\/\/api.w.org\/{rel}","templated":true}]}}