{"id":1637,"date":"2011-09-05T12:29:50","date_gmt":"2011-09-05T11:29:50","guid":{"rendered":"http:\/\/iopartecipo.azionecattolica.it\/?p=1637"},"modified":"2011-09-05T12:31:13","modified_gmt":"2011-09-05T11:31:13","slug":"alla-maturita-test-invalsi-e-possibilita-di-ottenere-borse-di-studio","status":"publish","type":"post","link":"https:\/\/iopartecipo.azionecattolica.it\/?p=1637","title":{"rendered":"alla maturit\u00e0 test Invalsi e possibilit\u00e0 di ottenere borse di studio"},"content":{"rendered":"<p><a href=\"http:\/\/www.azionecattolica.it\/net\/iopartecipo\/wp-content\/uploads\/2011\/09\/goya_hasta-su-abuelo.jpg\"><img loading=\"lazy\" class=\"alignleft size-medium wp-image-1638\" title=\"goya_hasta su abuelo\" src=\"http:\/\/www.azionecattolica.it\/net\/iopartecipo\/wp-content\/uploads\/2011\/09\/goya_hasta-su-abuelo-208x300.jpg\" alt=\"\" width=\"208\" height=\"300\" srcset=\"https:\/\/iopartecipo.azionecattolica.it\/wp-content\/uploads\/2011\/09\/goya_hasta-su-abuelo-208x300.jpg 208w, https:\/\/iopartecipo.azionecattolica.it\/wp-content\/uploads\/2011\/09\/goya_hasta-su-abuelo-710x1024.jpg 710w, https:\/\/iopartecipo.azionecattolica.it\/wp-content\/uploads\/2011\/09\/goya_hasta-su-abuelo.jpg 957w\" sizes=\"(max-width: 208px) 100vw, 208px\" \/><\/a>La scuola non \u00e8 ancora cominciata (a proposito, siete pronti per un nuovo anno da vivere su e gi\u00f9 fra i banchi di scuola?) e gi\u00e0 si pensa agli esami di maturit\u00e0. Sembra infatti che per i test Invalsi sia proprio giunta l&#8217;ora della Maturit\u00e0. A quanto pare per l&#8217;anno 2012 si tratterebbe solamente di una sperimentazione che porteranno avanti le scuole che decideranno di aderire a questo progetto, ma gi\u00e0 nel 2013 \u00a0il test Invalsi potrebbe gi\u00e0 diventare obbligatorio per tutti i maturandi. Una prova in pi\u00f9 alla maturit\u00e0? No, questi test,che non si sa ancora di quali materie potrebbero essere composti (probabilmente italiano e matematica, ma dovrebbero toccare anche altre discipline) andrebbero infatti a sostituire il famosissimo e temutissimo quizzone, insomma niente pi\u00f9 terza prova.<\/p>\n<p>Il Ministro dell&#8217;Istruzione, l&#8217;on. Mariastella Gelmini, ha spiegato che allargare il campo d&#8217;azione di questi test &#8220;\u00e8 essenziale per innalzare il livello di qualit\u00e0 del sistema di istruzione&#8221;.<\/p>\n<p>Ma le novit\u00e0 per chi si sottoporr\u00e0 all&#8217;esame di maturit\u00e0 nel 2012 non finiscono qui. Sembra infatti che dopo la pubblicazione dei quadri chi avr\u00e0 preso almeno 80 su 100 potr\u00e0 decidere volontariamente di affrontare un&#8217;ulteriore prova (sempre preparata dall&#8217;Invalsi) e che metter\u00e0 in palio borse di studio da 10000 euro per chi decider\u00e0 di iscriversi all&#8217;universit\u00e0 lontano da casa.\u00a0Inizialmente i fondi deriveranno da un doppio stanziamento: 10 milioni di euro da parte del Miur e 20 milioni dai fondi Pon dell\u2019Ue, ma al progetto sembrano interessate anche alcune \u00a0aziende italiane ed in particolare Confindustria.<\/p>\n<p>In attesa di conoscere i dettagli dell&#8217;iniziativa, fonti vicino a Trastevere danno per certa la possibilit\u00e0, per gli studenti che hanno conseguito la borsa di studio, di ottenere un secondo sussidio a fondo perduto anche al termine del primo anno di universit\u00e0, a patto per\u00f2 di aver svolto tutti gli esami e conseguito almeno una media del 27. Dal secondo anno di universit\u00e0 le modalit\u00e0 di accesso non cambieranno, ma gli studenti si impegneranno a restituire i 10000 euro quando avranno firmato il primo contratto di lavoro.<\/p>\n<p>Potete leggere queste notizie per esteso cliccando <a href=\"http:\/\/www.corriere.it\/cronache\/11_settembre_05\/maturita-gelmini-quizzone-cambia_de17c2d0-d77b-11e0-af53-ed2d7e3d9e5d.shtml\" target=\"_blank\">qui<\/a> e <a href=\"http:\/\/www.tecnicadellascuola.it\/index.php?id=33232&amp;action=view\" target=\"_blank\">qui<\/a>!<\/p>\n<p>Insomma 2 novit\u00e0! Cosa ne pensate? Qual \u00e8 stata la vostra prima reazione nel leggerle?<\/p>\n","protected":false},"excerpt":{"rendered":"<p>La scuola non \u00e8 ancora cominciata (a proposito, siete pronti per un nuovo anno da vivere su e gi\u00f9 fra i banchi di scuola?) e gi\u00e0 si pensa agli esami di maturit\u00e0. Sembra infatti che per i test Invalsi sia proprio giunta l&#8217;ora della Maturit\u00e0. A quanto pare per l&#8217;anno 2012 si tratterebbe solamente di [&hellip;]<\/p>\n","protected":false},"author":161,"featured_media":0,"comment_status":"open","ping_status":"open","sticky":false,"template":"","format":"standard","meta":[],"categories":[5,13],"tags":[],"_links":{"self":[{"href":"https:\/\/iopartecipo.azionecattolica.it\/index.php?rest_route=\/wp\/v2\/posts\/1637"}],"collection":[{"href":"https:\/\/iopartecipo.azionecattolica.it\/index.php?rest_route=\/wp\/v2\/posts"}],"about":[{"href":"https:\/\/iopartecipo.azionecattolica.it\/index.php?rest_route=\/wp\/v2\/types\/post"}],"author":[{"embeddable":true,"href":"https:\/\/iopartecipo.azionecattolica.it\/index.php?rest_route=\/wp\/v2\/users\/161"}],"replies":[{"embeddable":true,"href":"https:\/\/iopartecipo.azionecattolica.it\/index.php?rest_route=%2Fwp%2Fv2%2Fcomments&post=1637"}],"version-history":[{"count":3,"href":"https:\/\/iopartecipo.azionecattolica.it\/index.php?rest_route=\/wp\/v2\/posts\/1637\/revisions"}],"predecessor-version":[{"id":1641,"href":"https:\/\/iopartecipo.azionecattolica.it\/index.php?rest_route=\/wp\/v2\/posts\/1637\/revisions\/1641"}],"wp:attachment":[{"href":"https:\/\/iopartecipo.azionecattolica.it\/index.php?rest_route=%2Fwp%2Fv2%2Fmedia&parent=1637"}],"wp:term":[{"taxonomy":"category","embeddable":true,"href":"https:\/\/iopartecipo.azionecattolica.it\/index.php?rest_route=%2Fwp%2Fv2%2Fcategories&post=1637"},{"taxonomy":"post_tag","embeddable":true,"href":"https:\/\/iopartecipo.azionecattolica.it\/index.php?rest_route=%2Fwp%2Fv2%2Ftags&post=1637"}],"curies":[{"name":"wp","href":"https:\/\/api.w.org\/{rel}","templated":true}]}}