{"id":1649,"date":"2011-09-11T22:09:19","date_gmt":"2011-09-11T21:09:19","guid":{"rendered":"http:\/\/iopartecipo.azionecattolica.it\/?p=1649"},"modified":"2011-09-13T12:51:31","modified_gmt":"2011-09-13T11:51:31","slug":"buon-anno","status":"publish","type":"post","link":"https:\/\/iopartecipo.azionecattolica.it\/?p=1649","title":{"rendered":"Buon anno!"},"content":{"rendered":"<p><a href=\"http:\/\/www.azionecattolica.it\/net\/iopartecipo\/wp-content\/uploads\/2011\/09\/buon-anno-scolastico.png\"><img loading=\"lazy\" class=\"size-full wp-image-1650 alignright\" title=\"buon-anno-scolastico\" src=\"http:\/\/www.azionecattolica.it\/net\/iopartecipo\/wp-content\/uploads\/2011\/09\/buon-anno-scolastico.png\" alt=\"\" width=\"288\" height=\"217\" \/><\/a>Carissimi msacchini, carissimi studenti di AC,<\/p>\n<p>Buon anno!<\/p>\n<p>Domani, per molti di noi, inizia un nuovo anno di scuola. Per alcuni fortunati ci sono ancora gli ultimi attimi di vacanza da assaporare, ma entro luned\u00ec 19 settembre saremo di nuovo tutti seduti fra i banchi di scuola.<\/p>\n<p>Gi\u00e0, quei banchi cha abbiamo lasciato lo scorso giugno, ci stanno aspettando. Li troviamo esattamente come li abbiamo lasciati. Non aspettano altro che essere abitati, vissuti, \u201csegnati\u201d dal nostro passaggio.<\/p>\n<p>E allora buon anno! Ci auguriamo davvero di poter fare di questo tempo un momento di\u00a0 forte crescita perch\u00e8, troppo spesso ce ne scordiamo, la scuola \u00e8 un\u2019opportunit\u00e0 da cogliere e valorizzare. E\u2019 vero, spesso ci fa sudare, dopotutto nessuno dice che studiare sia semplice, ma ci fornisce gli strumenti per interpretare e leggere il nostro tempo, ci fa pensare, ci aiuta a sviluppare un pensiero critico, ci rende indipendenti. Allo stesso tempo \u00e8 anche il luogo per eccellenza dove impariamo ad essere cittadini e a fare esercizio di democrazia.<\/p>\n<p>Ecco perci\u00f2 l\u2019invito che vogliamo farci all\u2019inizio dell\u2019anno scolastico: siamo veri protagonisti all\u2019interno delle nostre scuole, facciamoci promotori dei cambiamenti di cui la scuola ha bisogno e che auspichiamo, continuiamo ad essere propositivi, a portare avanti e a perseverare in uno stile di dialogo, confronto e rispetto che sempre pi\u00f9 spesso, purtroppo, ci rendiamo conto essere dimenticato dai pi\u00f9. Siamo innanzitutto studenti credibili. E\u2019 di questo che la scuola ha bisogno, \u00e8 questo il segno che siamo chiamati a dare! E\u2019 questa la pi\u00f9 bella e significativa risposta che possiamo offrire al Paese in questo momento di grande difficolt\u00e0.<\/p>\n<p>E\u2019 infatti inutile negarlo, anche quest\u2019anno per la scuola italiana (ma non solo per la scuola) si preannuncia un autunno caldo. Il perch\u00e8 lo sappiamo. La scuola sta attraversando\u00a0 ormai da tempo un periodo di grande trasformazione e di grande crisi. Crisi di fiducia, crisi economica, crisi educativa. E proprio per questa ragione ha bisogno di non essere abbandonata. Perch\u00e9 la scuola serve, noi ci crediamo e siamo pronti ad impegnarci per costruirla!<\/p>\n<p>Abitate dunque le vostre scuole, vivetele il pi\u00f9 possibile! Respirate l\u2019aria delle vostre classi, \u00a0 datevi da fare negli organi collegiali (candidatevi!), fatevi portatori di proposte concrete e non solo di proteste urlate. E\u2019 di questo che le nostre scuole hanno bisogno: di gente che dimostri di continuare a scommettere su di lei, sulle giovani generazioni e che abbia voglia e capacit\u00e0 di incidere sul cambiamento!<\/p>\n<p>Allora continuiamo a costruire, perseveriamo a sognare. Questo non significa essere ciechi di fronte alle difficolt\u00e0 che stiamo vivendo, al contrario. E\u2019 un\u2019assunzione di responsabilit\u00e0, una prova di maturit\u00e0, una scelta. Per costruire la scuola che serve, la scuola che lascia il segno, vogliamo infatti sfoderare le armi pi\u00f9 potenti che abbiamo dalla nostra parte, perch\u00e8 sono quelle che ci ha insegnato la democrazia e sono le uniche a cui vogliamo e ci sentiamo di dover ricorrere a 150 anni dall\u2019Unit\u00e0 d\u2019Italia: il dialogo ed il confronto. Vogliamo infatti ricordare la grande lezione democratica della nostra storia repubblicana, ed impegnarci gi\u00e0 noi, gi\u00e0 adesso, a recuperare l\u2019eredit\u00e0 dei nostri fondamenti costituzionali. Vogliamo impegnarci affinch\u00e8 le forme democratiche ci diano l\u2019occasione di dimostrarci cittadini degni del Vangelo.<\/p>\n<p>Allora \u00e8 proprio il caso di dircelo: buon anno a tutti, studenti e professori! Mettiamocela tutta, la nostra passione, il nostro impegno. Ce n\u2019\u00e8 bisogno.<\/p>\n<p>&nbsp;<\/p>\n","protected":false},"excerpt":{"rendered":"<p>Carissimi msacchini, carissimi studenti di AC, Buon anno! Domani, per molti di noi, inizia un nuovo anno di scuola. Per alcuni fortunati ci sono ancora gli ultimi attimi di vacanza da assaporare, ma entro luned\u00ec 19 settembre saremo di nuovo tutti seduti fra i banchi di scuola. Gi\u00e0, quei banchi cha abbiamo lasciato lo scorso [&hellip;]<\/p>\n","protected":false},"author":1,"featured_media":0,"comment_status":"open","ping_status":"open","sticky":false,"template":"","format":"standard","meta":[],"categories":[7,6],"tags":[],"_links":{"self":[{"href":"https:\/\/iopartecipo.azionecattolica.it\/index.php?rest_route=\/wp\/v2\/posts\/1649"}],"collection":[{"href":"https:\/\/iopartecipo.azionecattolica.it\/index.php?rest_route=\/wp\/v2\/posts"}],"about":[{"href":"https:\/\/iopartecipo.azionecattolica.it\/index.php?rest_route=\/wp\/v2\/types\/post"}],"author":[{"embeddable":true,"href":"https:\/\/iopartecipo.azionecattolica.it\/index.php?rest_route=\/wp\/v2\/users\/1"}],"replies":[{"embeddable":true,"href":"https:\/\/iopartecipo.azionecattolica.it\/index.php?rest_route=%2Fwp%2Fv2%2Fcomments&post=1649"}],"version-history":[{"count":4,"href":"https:\/\/iopartecipo.azionecattolica.it\/index.php?rest_route=\/wp\/v2\/posts\/1649\/revisions"}],"predecessor-version":[{"id":1653,"href":"https:\/\/iopartecipo.azionecattolica.it\/index.php?rest_route=\/wp\/v2\/posts\/1649\/revisions\/1653"}],"wp:attachment":[{"href":"https:\/\/iopartecipo.azionecattolica.it\/index.php?rest_route=%2Fwp%2Fv2%2Fmedia&parent=1649"}],"wp:term":[{"taxonomy":"category","embeddable":true,"href":"https:\/\/iopartecipo.azionecattolica.it\/index.php?rest_route=%2Fwp%2Fv2%2Fcategories&post=1649"},{"taxonomy":"post_tag","embeddable":true,"href":"https:\/\/iopartecipo.azionecattolica.it\/index.php?rest_route=%2Fwp%2Fv2%2Ftags&post=1649"}],"curies":[{"name":"wp","href":"https:\/\/api.w.org\/{rel}","templated":true}]}}