{"id":1699,"date":"2011-10-06T21:41:47","date_gmt":"2011-10-06T20:41:47","guid":{"rendered":"http:\/\/iopartecipo.azionecattolica.it\/?p=1699"},"modified":"2011-10-07T10:57:23","modified_gmt":"2011-10-07T09:57:23","slug":"in-merito-allo-sciopero-del-7-ottobre","status":"publish","type":"post","link":"https:\/\/iopartecipo.azionecattolica.it\/?p=1699","title":{"rendered":"In merito allo sciopero del 7 ottobre"},"content":{"rendered":"<p style=\"text-align: center\"><strong>COMUNICATO<\/strong><\/p>\n<p>Per quanto riguarda la protesta studentesca indetta per la giornata odierna, gli studenti di Azione Cattolica sentono di dover prendere le distanze dalle manifestazioni che nel corso della giornata agiteranno le piazze di numerose citt\u00e0 del nostro Paese.<\/p>\n<p>&nbsp;<\/p>\n<p>Questa presa di posizione, cosciente e consapevole, non deve essere interpretata come uno strappo al dialogo con le associazioni e i movimenti studenteschi che hanno organizzato, sostenuto e preparato la giornata di protesta n\u00e9, tanto meno, deve essere fraintesa come disconoscimento dei gravi problemi che soffocano la scuola italiana.<\/p>\n<p><span style=\"text-decoration: underline\"> <\/span><\/p>\n<p>Semplicemente scegliamo di non scendere in piazza perch\u00e9 crediamo che il giusto luogo per dare valore alle nostre idee, per formulare proposte concrete che possano rivelarsi davvero utili alla scuola italiana, non sia la piazza, ma piuttosto quel tavolo di confronto a cui tutti, studenti, tecnici e dirigenti ministeriali insieme al Ministro, dovremmo partecipare: il Forum delle associazioni studentesche.<\/p>\n<p>&nbsp;<\/p>\n<p>Purtroppo, e ne siamo quanto mai rammaricati e dispiaciuti, il Forum \u00e8 scarsamente preso in considerazione da ormai tanto, troppo tempo. L\u2019evidenza \u00e8 sotto gli occhi di tutti: in un anno, cio\u00e8 dall\u2019ottobre scorso, il Forum \u00e8 stato convocato solamente 2 volte e, in entrambe le occasioni, sono state pesanti e numerose le assenze, a partire da quella dello stesso Ministro, che sembra non essere pi\u00f9 disposto a mettersi a confronto con le associazioni studentesche. Allo stesso modo, per\u00f2, anche le sigle che in questo momento stanno protestando hanno\u00a0 pi\u00f9 volte preferito lasciare le sedie vuote.<\/p>\n<p>&nbsp;<\/p>\n<p>Alla luce di questi fatti, ci sentiamo di chiedere alle associazioni e ai movimenti studenteschi, che con noi siedono, per decreto del Presidente della Repubblica, al tavolo istituito presso il Ministero e che con noi, il Forum, hanno contribuito a fondarlo, di dimostrare nei luoghi opportuni che \u201csiamo l\u2019Italia che conta\u201d, ricordando che, in quelle sedi, non si rappresenta solo se stessi, ma tutti gli studenti italiani che sognano e credono ancora e nonostante tutto in una scuola che sia capace di farli crescere come uomini e come cittadini.<\/p>\n<p>Non dubitiamo che gli studenti che stanno scendendo nelle piazze si stiano facendo portavoce di proposte concrete e ragionate e, proprio per questo, chiediamo loro di mettere da parte le\u00a0 proteste urlate e abbracciare con convinzione le armi del dialogo e del confronto presentandosi, con la stessa passione e fervore con cui tanto si danno da fare per animare le piazze in difesa della scuola pubblica, anche al tavolo istituito presso il Ministero dell\u2019istruzione che, dal\u2019altro canto, auspichiamo di veder convocato al pi\u00f9 presto e sempre pi\u00f9 assiduamente dal Ministro.<\/p>\n<p>&nbsp;<\/p>\n<p>Al Ministro Maria Stella Gelmini chiediamo chiarezza, trasparenza e coinvolgimento nelle scelte operate dal Ministero. Ci dispiace che siano ormai troppi i dati e i documenti \u201cspariti\u201d nei cassetti degli uffici ministeriali. Com\u2019\u00e8 capitato per l\u2019anagrafe sull\u2019edilizia scolastica, la cui raccolta dati \u00e8 stata da tempo dichiarata conclusa; o la presunta sparizione dei dati relativi alle bocciature denunciata da molti quotidiani.<\/p>\n<p>Siamo convinti che non si possa nascondere l\u2019evidenza e tanto meno mascherare i problemi e le difficolt\u00e0 della scuola italiana, che, al contrario, sarebbe pi\u00f9 costruttivo ed utile affrontare con chiarezza e sincerit\u00e0.<\/p>\n<p>Per questo motivo chiediamo maggior coinvolgimento e disponibilit\u00e0 all\u2019incontro da parte del Ministro perch\u00e9, se non impara a conoscerci, non potr\u00e0 mai davvero toccare con mano le difficolt\u00e0 e le fatiche di chi a scuola ci va tutti i giorni. Chiediamo maggior coinvolgimento perch\u00e9, da met\u00e0 agosto fino ad oggi, sono state diverse le proposte di modifiche messe in discussione in materia di scuola (le modifiche delle prove alla maturit\u00e0, la probabile creazione del liceo sportivo, ecc\u2026), ma per nessuna di queste ci \u00e8 mai stato richiesto un parere.<\/p>\n<p>Da parte nostra c\u2019\u00e8 disponibilit\u00e0 al dialogo e al confronto e ci auguriamo che valga lo stesso anche per le altre parti in causa.<\/p>\n<p style=\"text-align: right\">&nbsp;<\/p>\n<p style=\"text-align: right\">La segreteria nazionale MSAC<\/p>\n","protected":false},"excerpt":{"rendered":"<p>COMUNICATO Per quanto riguarda la protesta studentesca indetta per la giornata odierna, gli studenti di Azione Cattolica sentono di dover prendere le distanze dalle manifestazioni che nel corso della giornata agiteranno le piazze di numerose citt\u00e0 del nostro Paese. &nbsp; Questa presa di posizione, cosciente e consapevole, non deve essere interpretata come uno strappo al [&hellip;]<\/p>\n","protected":false},"author":1,"featured_media":0,"comment_status":"open","ping_status":"open","sticky":false,"template":"","format":"standard","meta":[],"categories":[3,13],"tags":[38,24,206,40,22,85,26],"_links":{"self":[{"href":"https:\/\/iopartecipo.azionecattolica.it\/index.php?rest_route=\/wp\/v2\/posts\/1699"}],"collection":[{"href":"https:\/\/iopartecipo.azionecattolica.it\/index.php?rest_route=\/wp\/v2\/posts"}],"about":[{"href":"https:\/\/iopartecipo.azionecattolica.it\/index.php?rest_route=\/wp\/v2\/types\/post"}],"author":[{"embeddable":true,"href":"https:\/\/iopartecipo.azionecattolica.it\/index.php?rest_route=\/wp\/v2\/users\/1"}],"replies":[{"embeddable":true,"href":"https:\/\/iopartecipo.azionecattolica.it\/index.php?rest_route=%2Fwp%2Fv2%2Fcomments&post=1699"}],"version-history":[{"count":7,"href":"https:\/\/iopartecipo.azionecattolica.it\/index.php?rest_route=\/wp\/v2\/posts\/1699\/revisions"}],"predecessor-version":[{"id":1709,"href":"https:\/\/iopartecipo.azionecattolica.it\/index.php?rest_route=\/wp\/v2\/posts\/1699\/revisions\/1709"}],"wp:attachment":[{"href":"https:\/\/iopartecipo.azionecattolica.it\/index.php?rest_route=%2Fwp%2Fv2%2Fmedia&parent=1699"}],"wp:term":[{"taxonomy":"category","embeddable":true,"href":"https:\/\/iopartecipo.azionecattolica.it\/index.php?rest_route=%2Fwp%2Fv2%2Fcategories&post=1699"},{"taxonomy":"post_tag","embeddable":true,"href":"https:\/\/iopartecipo.azionecattolica.it\/index.php?rest_route=%2Fwp%2Fv2%2Ftags&post=1699"}],"curies":[{"name":"wp","href":"https:\/\/api.w.org\/{rel}","templated":true}]}}