{"id":1721,"date":"2011-10-16T21:53:43","date_gmt":"2011-10-16T20:53:43","guid":{"rendered":"http:\/\/iopartecipo.azionecattolica.it\/?p=1721"},"modified":"2011-10-16T21:54:19","modified_gmt":"2011-10-16T20:54:19","slug":"e-un-giorno-di-tristezza","status":"publish","type":"post","link":"https:\/\/iopartecipo.azionecattolica.it\/?p=1721","title":{"rendered":"E&#8217; un giorno di tristezza"},"content":{"rendered":"<p style=\"text-align: right;\"><em><a href=\"http:\/\/www.azionecattolica.it\/net\/iopartecipo\/wp-content\/uploads\/2011\/10\/indignatos_Roma2_large.jpg\"><img loading=\"lazy\" class=\"alignleft size-medium wp-image-1722\" title=\"indignatos_Roma2_large\" src=\"http:\/\/www.azionecattolica.it\/net\/iopartecipo\/wp-content\/uploads\/2011\/10\/indignatos_Roma2_large-300x208.jpg\" alt=\"\" width=\"300\" height=\"208\" srcset=\"https:\/\/iopartecipo.azionecattolica.it\/wp-content\/uploads\/2011\/10\/indignatos_Roma2_large-300x208.jpg 300w, https:\/\/iopartecipo.azionecattolica.it\/wp-content\/uploads\/2011\/10\/indignatos_Roma2_large.jpg 360w\" sizes=\"(max-width: 300px) 100vw, 300px\" \/><\/a>Nota dei giovani dell\u2019Azione cattolica italiana, del Msac e della Fuci<\/em><\/p>\n<p style=\"text-align: justify;\">Due scene sono davanti ai nostri occhi in un giorno di profonda tristezza, quasi di lutto, per tutti i giovani italiani: il furgone dei Carabinieri dato alle fiamme con inusitata e compiaciuta violenza, e la statua di Maria fatta a pezzi tra lo scherno di un gruppetto di incappucciati.<br \/>\nSi, il senso d\u2019indignazione \u00e8 una caratteristica vitale delle giovani generazioni, un segno distintivo che va coniugato con la responsabilit\u00e0 e la capacit\u00e0 di costruire. La manifestazione in programma oggi a Roma raccoglieva un disagio diffuso e vero, che meritava altra vetrina sociale, politica e mediatica: i giovani sono sopraffatti e spaventati dalla precariet\u00e0 e dalla disattenzione delle classi dirigenti nei loro confronti.<br \/>\nMa le violenze che hanno segnato la manifestazione, scatenate da gruppi di black block \u201cincappucciati\u201d e ampiamente attrezzati per la guerriglia urbana, hanno trasformato la manifestazione in un macabro e spaventoso rituale: spaccare vetrine e bruciare macchine, distruggere mezzi delle forze dell\u2019ordine, mettere una citt\u00e0 a ferro e fuoco, togliere dignit\u00e0 alle istituzioni sino ad aggredire la bandiera e gli edifici che le ospitano, mettere a repentaglio la vita di altri giovani e di militari addetti alla sicurezza pubblica, significa togliere voce a coloro i quali semplicemente avvertivano il diritto e il dovere di parlare e di esprimere pacificamente uno stato di profonda sofferenza sociale. Significa consegnare pretesti a chi vuole rinchiudere i giovani nel ristretto recinto dell\u2019indifferenza e della rassegnazione.<br \/>\n\u00c8 un giorno di tristezza, quasi di lutto per i giovani di Azione cattolica, il Movimento Studenti di Ac e della Fuci, che in un momento delicato per il Paese vogliono difendere dai violenti l\u2019inalienabile diritto di parlare e dire la propria, di contribuire alla costruzione di un\u2019Italia diversa, pi\u00f9 giusta e pi\u00f9 solidale verso le nuove generazioni.<br \/>\nNell\u2019esprimere ferma e decisa condanna per le violenze messe in atto dai gruppi di violenti che vigliaccamente nascondono il loro viso, dando sfogo ad un istinto pi\u00f9 bestiale che umano, i giovani di Ac e Fuci e il Msac auspicano che sia fatta giustizia delle ragioni dei manifestanti pacifici e di tutti i giovani italiani, delle ragioni della citt\u00e0 di Roma e dei cittadini danneggiati, del lavoro per la pubblica incolumit\u00e0 svolto dalle forze dell\u2019ordine. E che subito e responsabilmente, senza speculazioni politiche su quanto accaduto nelle strade della Capitale, si apra una doverosa riflessione sul disagio giovanile, e sul necessario patto educativo, formativo, occupazionale e generazionale che ne tuteli il presente e il futuro. Quanto accaduto non sia il pretesto per una condanna generalizzata delle nuove generazioni, e sia invece uno stimolo a mettere subito mano al trascurato ma vitale cantiere della scuola, dell\u2019universit\u00e0, del lavoro e della partecipazione civile.<\/p>\n","protected":false},"excerpt":{"rendered":"<p>Nota dei giovani dell\u2019Azione cattolica italiana, del Msac e della Fuci Due scene sono davanti ai nostri occhi in un giorno di profonda tristezza, quasi di lutto, per tutti i giovani italiani: il furgone dei Carabinieri dato alle fiamme con inusitata e compiaciuta violenza, e la statua di Maria fatta a pezzi tra lo scherno [&hellip;]<\/p>\n","protected":false},"author":1,"featured_media":0,"comment_status":"open","ping_status":"open","sticky":false,"template":"","format":"standard","meta":[],"categories":[6],"tags":[],"_links":{"self":[{"href":"https:\/\/iopartecipo.azionecattolica.it\/index.php?rest_route=\/wp\/v2\/posts\/1721"}],"collection":[{"href":"https:\/\/iopartecipo.azionecattolica.it\/index.php?rest_route=\/wp\/v2\/posts"}],"about":[{"href":"https:\/\/iopartecipo.azionecattolica.it\/index.php?rest_route=\/wp\/v2\/types\/post"}],"author":[{"embeddable":true,"href":"https:\/\/iopartecipo.azionecattolica.it\/index.php?rest_route=\/wp\/v2\/users\/1"}],"replies":[{"embeddable":true,"href":"https:\/\/iopartecipo.azionecattolica.it\/index.php?rest_route=%2Fwp%2Fv2%2Fcomments&post=1721"}],"version-history":[{"count":2,"href":"https:\/\/iopartecipo.azionecattolica.it\/index.php?rest_route=\/wp\/v2\/posts\/1721\/revisions"}],"predecessor-version":[{"id":1724,"href":"https:\/\/iopartecipo.azionecattolica.it\/index.php?rest_route=\/wp\/v2\/posts\/1721\/revisions\/1724"}],"wp:attachment":[{"href":"https:\/\/iopartecipo.azionecattolica.it\/index.php?rest_route=%2Fwp%2Fv2%2Fmedia&parent=1721"}],"wp:term":[{"taxonomy":"category","embeddable":true,"href":"https:\/\/iopartecipo.azionecattolica.it\/index.php?rest_route=%2Fwp%2Fv2%2Fcategories&post=1721"},{"taxonomy":"post_tag","embeddable":true,"href":"https:\/\/iopartecipo.azionecattolica.it\/index.php?rest_route=%2Fwp%2Fv2%2Ftags&post=1721"}],"curies":[{"name":"wp","href":"https:\/\/api.w.org\/{rel}","templated":true}]}}