{"id":1736,"date":"2011-10-19T22:59:12","date_gmt":"2011-10-19T21:59:12","guid":{"rendered":"http:\/\/iopartecipo.azionecattolica.it\/?p=1736"},"modified":"2011-10-19T23:02:36","modified_gmt":"2011-10-19T22:02:36","slug":"adesso-tocca-a-noi","status":"publish","type":"post","link":"https:\/\/iopartecipo.azionecattolica.it\/?p=1736","title":{"rendered":"Adesso tocca a noi"},"content":{"rendered":"<p>Noi del MSAC avremmo detto \u201cI care\u201d citando Don Milani.. quelli di MTV dicono \u201cIO VOTO\u201d con la voce di Jovanotti, Giorgia, Daniele Silvestri, Alex Britti, Emma , J-Ax e gli Zero Assoluto, tanto per citarne qualcuno.. L\u2019obiettivo di questa nuova campagna, che prende spunto da un\u2019iniziativa simile, proposta sempre da MTV nel 2009 e dal titolo \u201cAdesso tocca a noi\u201d,\u00a0 \u00e8\u00a0 sostenere le elezioni scolastiche in programma nelle prossime settimane nelle scuole superiori e &#8220;spingere i ragazzi non solo a votare a scuola, ma anche a partecipare attivamente candidandosi&#8221;.\u00a0 Si chiede agli studenti di costruire il loro futuro a cominciare dal voto,\u00a0 per creare un rinnovamento della classe dirigente del nostro Paese. E non \u00e8 forse un importantissimo mezzo di partecipazione scolastica la rappresentanza?<\/p>\n<p><img loading=\"lazy\" class=\"alignright size-medium wp-image-1737\" style=\"float: right; border: 0px initial initial;\" title=\"20101124_115054_8C809832\" src=\"http:\/\/www.azionecattolica.it\/net\/iopartecipo\/wp-content\/uploads\/2011\/10\/20101124_115054_8C809832-300x300.jpg\" alt=\"\" width=\"210\" height=\"210\" srcset=\"https:\/\/iopartecipo.azionecattolica.it\/wp-content\/uploads\/2011\/10\/20101124_115054_8C809832-300x300.jpg 300w, https:\/\/iopartecipo.azionecattolica.it\/wp-content\/uploads\/2011\/10\/20101124_115054_8C809832-150x150.jpg 150w, https:\/\/iopartecipo.azionecattolica.it\/wp-content\/uploads\/2011\/10\/20101124_115054_8C809832.jpg 511w\" sizes=\"(max-width: 210px) 100vw, 210px\" \/><\/p>\n<p>\u201cPoter scegliere il proprio rappresentante, poter essere il rappresentante per una comunit\u00e0 di persone, per chi \u00e8 portato e per chi ha voglia, \u00e8 una cosa bellissima &#8211; dice Jovanotti nel suo video-appello -. Ora che iniziano le scuole fatevi sotto.<\/p>\n<p>La democrazia inizia l\u00ec! La democrazia pu\u00f2 iniziare da una classe. E siccome abbiamo una classe politica secondo me da rinnovare e cambiare in Italia, cominciate a cambiarla voi dai vostri ambienti pi\u00f9 personali e importanti\u201d.\u00a0 E allora anche noi invitiamo tutti a prendere seriamente le imminenti elezioni scolastiche perch\u00e9 \u00e8 un momento di democrazia a tutti gli effetti!! E se non cominciamo dalla scuola, nostra \u201cpalestra\u201d di vita anche da questo punto di vista, come possiamo pretendere di voler cambiare il mondo?<\/p>\n<p>&nbsp;<\/p>\n<p>Come possiamo riuscirci se rifiutiamo di esercitare un nostro diritto inalienabile? E allora scommettetevi, ragazzi, mettetevi in gioco! Se sentite nelle vostre corde l\u2019essere rappresentante candidatevi! Se no, comunque non credete che il vostro compito termini col voto! Ricordate che il rappresentante (di istituto cos\u00ec come di classe o alla consulta provinciale) non \u00e8 delegato a prendere decisioni per gli altri, ma deve farsi portavoce di idee e problemi dell\u2019intera comunit\u00e0 scolastica!<\/p>\n<p>Pertanto chi \u00e8 rappresentato deve sempre \u201crompere le scatole\u201d a chi lo rappresenta informandosi su quello che viene deciso, presentando le proprie esigenze e facendo \u201clavoro di squadra\u201d con tutti! Solo cos\u00ec possiamo davvero dire \u201cQuesta scuola non \u00e8 un albergo!\u201d, solo cos\u00ec abiteremo davvero le nostre scuole!<\/p>\n<p style=\"text-align: right;\"><em>Marianna Occhipinti, <\/em><\/p>\n<p style=\"text-align: right;\"><em>incaricata regionale MSAC della Sicilia<\/em><\/p>\n<p>Potete ottenere pi\u00f9 informazioni riguardo all&#8217;iniziativa visitando il sito <a href=\"http:\/\/iovoto.mtv.it\/\" target=\"_blank\">iovoto.mtv.it<\/a><\/p>\n<p>&nbsp;<\/p>\n","protected":false},"excerpt":{"rendered":"<p>Noi del MSAC avremmo detto \u201cI care\u201d citando Don Milani.. quelli di MTV dicono \u201cIO VOTO\u201d con la voce di Jovanotti, Giorgia, Daniele Silvestri, Alex Britti, Emma , J-Ax e gli Zero Assoluto, tanto per citarne qualcuno.. L\u2019obiettivo di questa nuova campagna, che prende spunto da un\u2019iniziativa simile, proposta sempre da MTV nel 2009 e [&hellip;]<\/p>\n","protected":false},"author":1,"featured_media":0,"comment_status":"open","ping_status":"open","sticky":false,"template":"","format":"standard","meta":[],"categories":[7],"tags":[],"_links":{"self":[{"href":"https:\/\/iopartecipo.azionecattolica.it\/index.php?rest_route=\/wp\/v2\/posts\/1736"}],"collection":[{"href":"https:\/\/iopartecipo.azionecattolica.it\/index.php?rest_route=\/wp\/v2\/posts"}],"about":[{"href":"https:\/\/iopartecipo.azionecattolica.it\/index.php?rest_route=\/wp\/v2\/types\/post"}],"author":[{"embeddable":true,"href":"https:\/\/iopartecipo.azionecattolica.it\/index.php?rest_route=\/wp\/v2\/users\/1"}],"replies":[{"embeddable":true,"href":"https:\/\/iopartecipo.azionecattolica.it\/index.php?rest_route=%2Fwp%2Fv2%2Fcomments&post=1736"}],"version-history":[{"count":5,"href":"https:\/\/iopartecipo.azionecattolica.it\/index.php?rest_route=\/wp\/v2\/posts\/1736\/revisions"}],"predecessor-version":[{"id":1740,"href":"https:\/\/iopartecipo.azionecattolica.it\/index.php?rest_route=\/wp\/v2\/posts\/1736\/revisions\/1740"}],"wp:attachment":[{"href":"https:\/\/iopartecipo.azionecattolica.it\/index.php?rest_route=%2Fwp%2Fv2%2Fmedia&parent=1736"}],"wp:term":[{"taxonomy":"category","embeddable":true,"href":"https:\/\/iopartecipo.azionecattolica.it\/index.php?rest_route=%2Fwp%2Fv2%2Fcategories&post=1736"},{"taxonomy":"post_tag","embeddable":true,"href":"https:\/\/iopartecipo.azionecattolica.it\/index.php?rest_route=%2Fwp%2Fv2%2Ftags&post=1736"}],"curies":[{"name":"wp","href":"https:\/\/api.w.org\/{rel}","templated":true}]}}