{"id":1768,"date":"2011-11-16T20:56:53","date_gmt":"2011-11-16T19:56:53","guid":{"rendered":"http:\/\/iopartecipo.azionecattolica.it\/?p=1768"},"modified":"2011-11-16T22:13:04","modified_gmt":"2011-11-16T21:13:04","slug":"francesco-profumo-ministro-dellistruzione","status":"publish","type":"post","link":"https:\/\/iopartecipo.azionecattolica.it\/?p=1768","title":{"rendered":"Francesco Profumo ministro dell&#8217;Istruzione"},"content":{"rendered":"<p style=\"text-align: center;\"><strong><a href=\"http:\/\/www.azionecattolica.it\/net\/iopartecipo\/wp-content\/uploads\/2011\/11\/profumo_francesco_quir-400x300.jpg\"><img loading=\"lazy\" class=\"size-medium wp-image-1770 aligncenter\" title=\"profumo_francesco_quir--400x300\" src=\"http:\/\/www.azionecattolica.it\/net\/iopartecipo\/wp-content\/uploads\/2011\/11\/profumo_francesco_quir-400x300-300x225.jpg\" alt=\"\" width=\"300\" height=\"225\" srcset=\"https:\/\/iopartecipo.azionecattolica.it\/wp-content\/uploads\/2011\/11\/profumo_francesco_quir-400x300-300x225.jpg 300w, https:\/\/iopartecipo.azionecattolica.it\/wp-content\/uploads\/2011\/11\/profumo_francesco_quir-400x300.jpg 400w\" sizes=\"(max-width: 300px) 100vw, 300px\" \/><\/a><\/strong><\/p>\n<p>&nbsp;<\/p>\n<p><strong>Francesco Profumo<\/strong> \u00e8 il nuovo ministro della pubblica istruzione.<\/p>\n<p>(fonte ANSA) Ligure (\u00e8 nato a Savona il 3 maggio del &#8217;53), Francesco Profumo, ingegnere e docente universitario, dallo scorso 13 agosto e&#8217; Presidente del Consiglio Nazionale delle Ricerche. Sposato, tre figli, ha iniziato la carriera nel 1978 in Ansaldo a Genova come ingegnere progettista. Nel 1985 si \u00e8 trasferito a Torino dove ha intrapreso la carriera di ricercatore universitario e nel 1995 \u00e8 diventato Professore Ordinario di Macchine e Azionamenti Elettrici nello stesso Ateneo. Ha quindi assunto la carica di Presidente della Prima Facolt\u00e0 di Ingegneria del Politecnico dal 2003 al 2005; dal primo ottobre del 2005 \u00e8 diventato rettore dello stesso ateneo (scadenza del mandato a settembre 2013). Il suo rettorato \u00e8 stato caratterizzato da una forte spinta verso la collaborazione con diverse aziende internazionali (come Microsoft, Motorola) e con una apertura della didattica verso l&#8217;Estero.<\/p>\n<p>E&#8217; stato &#8220;Visiting Professor&#8221; al Dipartimento di Ingegneria Elettrica dell&#8217;University of Wisconsin-Madison (USA) nel periodo 1986-88, al Dipartimento di Ingegneria Elettrica della Nagasaki University (Giappone) nel periodo 1996-97, al Dipartimento di Ingegneria Elettrica della Czech Technical University-Prague (Repubblica Ceca) nel 1999 e alla Facolt\u00e0 di Ingegneria dell&#8217;Universit\u00e0 di Cordoba (Argentina) nel 2004 e nel 2005. Accanto alla carriera nella propria Universit\u00e0, Profumo \u00e8 stato molto attivo in molti gruppi di lavoro internazionali, con numerosi riconoscimenti in tutto il mondo e tante pubblicazioni. Nel 2011 ha dato la sua disponibilit\u00e0 alla candidatura di Sindaco di Torino per il Partito Democratico, ma in seguito ha ritirato la candidatura. Presidente di Columbus, del Forum Torino ha fatto anche parte di un Panel del Comitato di Indirizzo per la Valutazione della Ricerca (Civr) del ministero dell&#8217;Istruzione. Gi\u00e0 membro del Consiglio di Amministrazione di Reply, di Fidia SpA, Unicredit Private Bank, il 12 aprile 2011 \u00e8 stato nominato membro del Consiglio di Amministrazione di Telecom Italia e ha svolto ruolo di Consigliere per Il Sole 24 Ore e per Pirelli.<\/p>\n<p>&nbsp;<\/p>\n","protected":false},"excerpt":{"rendered":"<p>&nbsp; Francesco Profumo \u00e8 il nuovo ministro della pubblica istruzione. (fonte ANSA) Ligure (\u00e8 nato a Savona il 3 maggio del &#8217;53), Francesco Profumo, ingegnere e docente universitario, dallo scorso 13 agosto e&#8217; Presidente del Consiglio Nazionale delle Ricerche. Sposato, tre figli, ha iniziato la carriera nel 1978 in Ansaldo a Genova come ingegnere progettista. [&hellip;]<\/p>\n","protected":false},"author":5,"featured_media":0,"comment_status":"open","ping_status":"open","sticky":false,"template":"","format":"standard","meta":[],"categories":[1],"tags":[],"_links":{"self":[{"href":"https:\/\/iopartecipo.azionecattolica.it\/index.php?rest_route=\/wp\/v2\/posts\/1768"}],"collection":[{"href":"https:\/\/iopartecipo.azionecattolica.it\/index.php?rest_route=\/wp\/v2\/posts"}],"about":[{"href":"https:\/\/iopartecipo.azionecattolica.it\/index.php?rest_route=\/wp\/v2\/types\/post"}],"author":[{"embeddable":true,"href":"https:\/\/iopartecipo.azionecattolica.it\/index.php?rest_route=\/wp\/v2\/users\/5"}],"replies":[{"embeddable":true,"href":"https:\/\/iopartecipo.azionecattolica.it\/index.php?rest_route=%2Fwp%2Fv2%2Fcomments&post=1768"}],"version-history":[{"count":4,"href":"https:\/\/iopartecipo.azionecattolica.it\/index.php?rest_route=\/wp\/v2\/posts\/1768\/revisions"}],"predecessor-version":[{"id":1772,"href":"https:\/\/iopartecipo.azionecattolica.it\/index.php?rest_route=\/wp\/v2\/posts\/1768\/revisions\/1772"}],"wp:attachment":[{"href":"https:\/\/iopartecipo.azionecattolica.it\/index.php?rest_route=%2Fwp%2Fv2%2Fmedia&parent=1768"}],"wp:term":[{"taxonomy":"category","embeddable":true,"href":"https:\/\/iopartecipo.azionecattolica.it\/index.php?rest_route=%2Fwp%2Fv2%2Fcategories&post=1768"},{"taxonomy":"post_tag","embeddable":true,"href":"https:\/\/iopartecipo.azionecattolica.it\/index.php?rest_route=%2Fwp%2Fv2%2Ftags&post=1768"}],"curies":[{"name":"wp","href":"https:\/\/api.w.org\/{rel}","templated":true}]}}