{"id":1784,"date":"2011-11-19T17:52:13","date_gmt":"2011-11-19T16:52:13","guid":{"rendered":"http:\/\/iopartecipo.azionecattolica.it\/?p=1784"},"modified":"2011-11-19T17:54:14","modified_gmt":"2011-11-19T16:54:14","slug":"cips-2012-in-arrivo","status":"publish","type":"post","link":"https:\/\/iopartecipo.azionecattolica.it\/?p=1784","title":{"rendered":"CIPS 2012 in arrivo!!"},"content":{"rendered":"<p><img loading=\"lazy\" class=\"alignright size-full wp-image-1787\" style=\"float: right; border: 0px initial initial;\" title=\"Schermata 11-2455877 alle 23.57.33\" src=\"http:\/\/www.azionecattolica.it\/net\/iopartecipo\/wp-content\/uploads\/2011\/11\/Schermata-11-2455877-alle-23.57.33.png\" alt=\"\" width=\"165\" height=\"95\" \/><a href=\"http:\/\/www.azionecattolica.it\/net\/iopartecipo\/wp-content\/uploads\/2011\/11\/logo-msac1.png\"><img loading=\"lazy\" class=\"alignleft size-full wp-image-1786\" title=\"logo msac\" src=\"http:\/\/www.azionecattolica.it\/net\/iopartecipo\/wp-content\/uploads\/2011\/11\/logo-msac1.png\" alt=\"\" width=\"230\" height=\"85\" \/><\/a><\/p>\n<p>&nbsp;<\/p>\n<p>&nbsp;<\/p>\n<p>&nbsp;<\/p>\n<p>&nbsp;<\/p>\n<p>Carissimi msacchini, carissimi responsabili diocesani,<\/p>\n<p>vi inviamo tramite questa comunicazione le <strong>note tecniche e il programma<\/strong> della nostra iniziativa dei mesi invernali. I <strong>Campi Interregionali per Studenti (CIPS), <\/strong>che si volgeranno<strong> dal 2 al 5 gennaio<\/strong>, sono un proposta pensata per giovanissimi studenti delle scuole e delle parrocchie di tutta Italia. Sono campi aperti a tutti, che non presuppongono null\u2019altro che l\u2019essere semplicemente studenti, a prescindere dalla conoscenza o meno della proposta msacchina. Pensiamo che il modo migliore per informarsi e appassionarsi alla ricchezza del MSAC sia proprio il \u201cCONTAGIO\u201d. Abbiamo allora voluto proporre a livello interregionale tre giorni di esperienza concreta dello stare tra i banchi scolastici in pieno stile msacchino. Le tre proposte, differenziate per luoghi, avranno lo stesso tema e lo stesso programma, presentando una serie di attivit\u00e0 che metteranno in grado chi non conosce il movimento di saperne di pi\u00f9 e di prepararsi a far partire l\u2019esperienza in diocesi, e chi \u00e8 responsabile o msacchino gi\u00e0 da un po\u2019 di tempo, di approfondire alcuni argomenti cari al movimento. E\u2019 con quest\u2019iniziativa che abbiamo scelto di aprire il 2012, anno che fin d\u2019ora si preannuncia ricco di appuntamenti e di incontri ed \u00e8 sempre con questa iniziativa che, in un certo senso, vogliamo cominciare ad avvicinarci alla Mo.Ca. (Movimento in Cantiere) di Aprile. Infatti, in questo periodo storico, in cui molte cose stanno cambiando, e non solo nel nostro Paese, i CIPS diventano per noi studenti di AC momento privilegiato in cui, desiderosi di fare la nostra parte, prendiamo consapevolezza che la scuola che vogliamo, sta aspettando e attendendo il nostro progetto, le nostre idee, la nostra creativit\u00e0,..<\/p>\n<p>I CIPS non si limiteranno a PROPORRE IL MSAC, ma presenteranno uno stile concreto per vivere la propria condizione studentesca rendendola una quotidiana, affascinante avventura alla sequela del Vangelo.<\/p>\n<p>Vi invitiamo a fare tesoro di questa occasione, per trasformarla in prezioso dono offerto ai giovanissimi delle vostre parrocchie e diocesi. <em>Regalatevi e regalate un CIPS<\/em>! \u00c8 il modo forse pi\u00f9 caloroso per accompagnare i giovanissimi nella quotidianit\u00e0 dei ritmi scolastici. Quotidianit\u00e0 che per i msacchini ha caratteristiche ben precise: partecipazione e protagonismo che vengono tradotti con lo stile di un impegno di cittadinanza studentesca, ma non solo, portato avanti con passione giorno dopo giorno. Pensiamo infatti sia possibile, come abbiamo voluto ribadire con l\u2019oktoberfest di quest\u2019anno, che si possa abitare la scuola come casa!<\/p>\n<p>&nbsp;<\/p>\n<p>Provare per credere, allora! Saranno gli stessi msacchini delle diocesi a raccontare ai propri coetanei cosa ha da proporre lo stile associativo dell\u2019AC davanti ai problemi e alle difficolt\u00e0 delle nostre scuole. \u00c8 proprio questa la ricchezza dei campi interregionali: aperti a tutti, sono il luogo privilegiato per conoscere le realt\u00e0 degli altri circoli e intrecciare relazioni con le diocesi della propria regione e di quelle limitrofe, anche grazie alla presenza preziosa e responsabile degli incaricati e degli assistenti regionali.<\/p>\n<p>Provare per credere, allora! Le iscrizioni sono aperte da questo momento fino al<strong> 12 dicembre<\/strong>. Per ogni diocesi \u00e8 indicata la partecipazione di un massimo di 20 persone. Altre richieste verranno valutate in base alla disponibilit\u00e0 delle case.<\/p>\n<p>&nbsp;<\/p>\n<p>Vi abbracciamo allora e vi salutiamo, sperando di vedervi tutti uno per uno a <strong>Mantova<\/strong>, a <strong>Rimini<\/strong>, e a <strong>Santeramo<\/strong> <strong>(BA).<\/strong><\/p>\n<p><strong>La segreteria nazionale MSAC<\/strong><\/p>\n<p><strong> <\/strong><strong>Elena e don Nicol\u00f2<\/strong><\/p>\n<p style=\"text-align: center;\"><a href=\"http:\/\/www.azionecattolica.it\/settori\/MSAC\/sezione\/zaino\/archivio_iniz\/2011-2012\/CIPS_2012\">CLICCANDO QUI POTETE SCARICARE LETTERA D&#8217;INVITO, NOTE TECNICHE, SCHEDA DI ISCRIZIONE E PROGRAMMA<\/a><\/p>\n<p style=\"text-align: left;\">\u00e8 ora di mettersi in movimento&#8230;<\/p>\n","protected":false},"excerpt":{"rendered":"<p>&nbsp; &nbsp; &nbsp; &nbsp; Carissimi msacchini, carissimi responsabili diocesani, vi inviamo tramite questa comunicazione le note tecniche e il programma della nostra iniziativa dei mesi invernali. I Campi Interregionali per Studenti (CIPS), che si volgeranno dal 2 al 5 gennaio, sono un proposta pensata per giovanissimi studenti delle scuole e delle parrocchie di tutta Italia. [&hellip;]<\/p>\n","protected":false},"author":161,"featured_media":0,"comment_status":"open","ping_status":"open","sticky":false,"template":"","format":"standard","meta":[],"categories":[6],"tags":[],"_links":{"self":[{"href":"https:\/\/iopartecipo.azionecattolica.it\/index.php?rest_route=\/wp\/v2\/posts\/1784"}],"collection":[{"href":"https:\/\/iopartecipo.azionecattolica.it\/index.php?rest_route=\/wp\/v2\/posts"}],"about":[{"href":"https:\/\/iopartecipo.azionecattolica.it\/index.php?rest_route=\/wp\/v2\/types\/post"}],"author":[{"embeddable":true,"href":"https:\/\/iopartecipo.azionecattolica.it\/index.php?rest_route=\/wp\/v2\/users\/161"}],"replies":[{"embeddable":true,"href":"https:\/\/iopartecipo.azionecattolica.it\/index.php?rest_route=%2Fwp%2Fv2%2Fcomments&post=1784"}],"version-history":[{"count":4,"href":"https:\/\/iopartecipo.azionecattolica.it\/index.php?rest_route=\/wp\/v2\/posts\/1784\/revisions"}],"predecessor-version":[{"id":1791,"href":"https:\/\/iopartecipo.azionecattolica.it\/index.php?rest_route=\/wp\/v2\/posts\/1784\/revisions\/1791"}],"wp:attachment":[{"href":"https:\/\/iopartecipo.azionecattolica.it\/index.php?rest_route=%2Fwp%2Fv2%2Fmedia&parent=1784"}],"wp:term":[{"taxonomy":"category","embeddable":true,"href":"https:\/\/iopartecipo.azionecattolica.it\/index.php?rest_route=%2Fwp%2Fv2%2Fcategories&post=1784"},{"taxonomy":"post_tag","embeddable":true,"href":"https:\/\/iopartecipo.azionecattolica.it\/index.php?rest_route=%2Fwp%2Fv2%2Ftags&post=1784"}],"curies":[{"name":"wp","href":"https:\/\/api.w.org\/{rel}","templated":true}]}}