{"id":1809,"date":"2011-11-30T16:56:12","date_gmt":"2011-11-30T15:56:12","guid":{"rendered":"http:\/\/iopartecipo.azionecattolica.it\/?p=1809"},"modified":"2011-11-30T16:56:12","modified_gmt":"2011-11-30T15:56:12","slug":"qui-forum-2","status":"publish","type":"post","link":"https:\/\/iopartecipo.azionecattolica.it\/?p=1809","title":{"rendered":"Qui Forum"},"content":{"rendered":"<p>Si \u00e8 da poco concluso il Forum nazionale delle associazioni studentesche maggiormente rappresentative convocato dal neoministro dell\u2019istruzione, Francesco Profumo nel Salone dei Ministri in Viale Trastevere.<\/p>\n<p>All\u2019ordine del giorno principalmente un momento di confronto e conoscenza tra ministro e associazioni studentesche: associazioni che non hanno mancato di evidenziare i temi sui quali auspicano si possa intraprendere un confronto continuo.<\/p>\n<p>Presenti all\u2019incontro, oltre al MSAC, anche l\u2019Unione degli Studenti, la Federazione degli Studenti, la Rete degli Studenti, il Movimento Studenti Cattolici e il Movimento Studentesco Nazionale (gi\u00e0 Azione Studentesca).Il clima che si \u00e8 respirato \u00e8 stato molto positivo: da parte del ministro e di tutte le associazioni studentesche vi \u00e8 stato un atteggiamento propositivo senza precedenti.<\/p>\n<p>Gli argomenti presentati dalle associazioni e pi\u00f9 gettonati sono stati la necessit\u00e0 di una legge quadro sul diritto allo studio, l\u2019edilizia scolastica, la didattica, la formazione degli insegnanti e la partecipazione studentesca.<\/p>\n<p>Il MSAC, rappresentato dalla segretaria nazionale e dal delegato ai rapporti con il MIUR, ha consegnato al ministro una lettera (potete leggerla infra) nella quale sono state riportate le priorit\u00e0 della scuola italiana secondo il MSAC.<\/p>\n<p>Grande soddisfazione \u00e8 stata espressa da tutte le associazioni studentesche dopo l\u2019intervento del ministro Profumo il quale ha risposto, punto per punto, alle varie questioni sollevate dagli studenti.<\/p>\n<p>Il ministro, dopo una breve presentazione, ha detto che \u00e8 suo interesse scrivere insieme alle associazioni studentesche una policy del forum, che ritiene l\u2019ascolto della domanda proveniente dagli studenti fondamentale, che ha intenzione di convocare con cadenza bimestrale il forum delle associazioni studentesche (EVVIVA) fornendo ogni semestre un calendario delle riunioni e che risulta necessario verificare i criteri in forza dei quali le associazioni studentesche siedono al Forum. Ha inoltre auspicato che gli studenti possano partecipare sempre pi\u00f9 in modo propositivo alla vita della scuola.<\/p>\n<p>Un tema centrale del suo intervento \u00e8 stato quello del diritto allo studio (e in particolare l\u2019edilizia scolastica) garantendo che, nonostante le risorse siano poche, cercher\u00e0 in tutti i modi di affrontare questo problema nel migliore dei modi possibili, pubblicando tra l\u2019altro il prima possibile i risultati dell\u2019Anagrafe nazionale sull\u2019edilizia scolastica. Profumo ha poi condiviso l\u2019idea delle associazioni studentesche circa la necessit\u00e0 di riformare gli OO.CC. e circa l\u2019importanza della qualit\u00e0 dell\u2019offerta formativa dal momento che la scuola italiana \u201c\u00e8 troppo vecchia\u201d.<\/p>\n<p>Un altro tema affrontato \u00e8 stato quello dell\u2019importanza dell\u2019istruzione tecnica e professionale, della valorizzazione dell\u2019alternanza scuola-lavoro nonch\u00e9 delle esperienze di studio all\u2019estero.<\/p>\n<p>Questi sono solo alcuni degli argomenti affrontati dal neoministro oggi e che preannunciano una nuova, grande, stagione per il Forum.<\/p>\n<p>&nbsp;<\/p>\n<p>p.s.: si preannuncia una grande Mo.Ca. con tante illustri ospiti =)<\/p>\n<p>&nbsp;<\/p>\n","protected":false},"excerpt":{"rendered":"<p>Si \u00e8 da poco concluso il Forum nazionale delle associazioni studentesche maggiormente rappresentative convocato dal neoministro dell\u2019istruzione, Francesco Profumo nel Salone dei Ministri in Viale Trastevere. All\u2019ordine del giorno principalmente un momento di confronto e conoscenza tra ministro e associazioni studentesche: associazioni che non hanno mancato di evidenziare i temi sui quali auspicano si possa [&hellip;]<\/p>\n","protected":false},"author":5,"featured_media":0,"comment_status":"open","ping_status":"open","sticky":false,"template":"","format":"standard","meta":[],"categories":[1],"tags":[],"_links":{"self":[{"href":"https:\/\/iopartecipo.azionecattolica.it\/index.php?rest_route=\/wp\/v2\/posts\/1809"}],"collection":[{"href":"https:\/\/iopartecipo.azionecattolica.it\/index.php?rest_route=\/wp\/v2\/posts"}],"about":[{"href":"https:\/\/iopartecipo.azionecattolica.it\/index.php?rest_route=\/wp\/v2\/types\/post"}],"author":[{"embeddable":true,"href":"https:\/\/iopartecipo.azionecattolica.it\/index.php?rest_route=\/wp\/v2\/users\/5"}],"replies":[{"embeddable":true,"href":"https:\/\/iopartecipo.azionecattolica.it\/index.php?rest_route=%2Fwp%2Fv2%2Fcomments&post=1809"}],"version-history":[{"count":1,"href":"https:\/\/iopartecipo.azionecattolica.it\/index.php?rest_route=\/wp\/v2\/posts\/1809\/revisions"}],"predecessor-version":[{"id":1810,"href":"https:\/\/iopartecipo.azionecattolica.it\/index.php?rest_route=\/wp\/v2\/posts\/1809\/revisions\/1810"}],"wp:attachment":[{"href":"https:\/\/iopartecipo.azionecattolica.it\/index.php?rest_route=%2Fwp%2Fv2%2Fmedia&parent=1809"}],"wp:term":[{"taxonomy":"category","embeddable":true,"href":"https:\/\/iopartecipo.azionecattolica.it\/index.php?rest_route=%2Fwp%2Fv2%2Fcategories&post=1809"},{"taxonomy":"post_tag","embeddable":true,"href":"https:\/\/iopartecipo.azionecattolica.it\/index.php?rest_route=%2Fwp%2Fv2%2Ftags&post=1809"}],"curies":[{"name":"wp","href":"https:\/\/api.w.org\/{rel}","templated":true}]}}