{"id":1811,"date":"2011-12-20T11:04:41","date_gmt":"2011-12-20T10:04:41","guid":{"rendered":"http:\/\/iopartecipo.azionecattolica.it\/?p=1811"},"modified":"2011-12-20T11:06:55","modified_gmt":"2011-12-20T10:06:55","slug":"nel-2012-tornano-i-concorsi-per-docenti","status":"publish","type":"post","link":"https:\/\/iopartecipo.azionecattolica.it\/?p=1811","title":{"rendered":"nel 2012 tornano i concorsi per docenti?"},"content":{"rendered":"<p style=\"text-align: center;\"><a href=\"http:\/\/www.azionecattolica.it\/net\/iopartecipo\/wp-content\/uploads\/2011\/12\/scuola11.jpg\"><img loading=\"lazy\" class=\"aligncenter size-medium wp-image-1812\" title=\"scuola11\" src=\"http:\/\/www.azionecattolica.it\/net\/iopartecipo\/wp-content\/uploads\/2011\/12\/scuola11-300x123.jpg\" alt=\"\" width=\"500\" height=\"183\" \/><\/a><\/p>\n<p>Ieri migliaia e migliaia di giovani neo laureati e aspiranti insegnanti potrebbero aver tirato un sospiro di sollievo.<\/p>\n<p>Il Ministro Profumo ha infatti annunciato l&#8217;intenzione di indire un maxi concorso nel 2012 per permettere ai giovani aspiranti insegnati di ottenere finalmente una tanto desiderata cattedra di insegnamento alle elementari, alle medie e alle superiori. \u00a0Le incognite naturalmente sono moltissime e prima di fare ufficialmente l&#8217;in bocca al lupo a tutti coloro che avrebbero intenzione di partecipare al concorso bisogna attendere di vedere quali saranno gli sviluppi e le azioni che seguiranno quest&#8217;annuncio.<\/p>\n<p>Ma proviamo a dare i numeri. Sono stimanti intorno ai 300000 i potenziali candidati. Infatti, nelle graduatorie ministeriali (chiuse e a esaurimento) nel 2011 si sono accumulati 244 mila abilitati all&#8217;insegnamento, un esercito. Ed \u00e8 da qui che negli ultimi tredici anni si \u00e8 pescato per soddisfare un fabbisogno di insegnanti che si \u00e8 stabilizzato sui 20 mila ogni anno.\u00a0Poi ci sono 30 mila &#8220;laureati abilitati&#8221; fuori da ogni graduatoria, e questi sono gli aspiranti docenti bloccati dall&#8217;attuale prassi di reclutamento. Ancora, i rinnovati Tirocini formativi attivi (Tfa) produrranno nel 2012 altri 20 mila &#8220;aventi diritto&#8221; a una cattedra.<\/p>\n<p>A questo numero mastodontico bisogna aggiungere un altro dato. Generalmente, ogni anno sono assunti 25000 insegnanti e, per legge, la met\u00e0 dovrebbero essere reclutati tramite concorso e l&#8217;altra met\u00e0 attingendo dalle graduatorie. Facendo perci\u00f2 un rapido calcolo risulta che per assorbire l&#8217;esercito dei 300000 servirebbero 24 anni \u00a0(presupponendo la possibilit\u00e0 di un concorso all&#8217;anno) senza contare i giovani che ogni anno si laureano sognando di poter un giorno insegnare e che perci\u00f2 si sommerebbero ai 300000.<\/p>\n<p>Perci\u00f2, anche a prima vista, la situazione sembra piuttosto complessa. Il MSAC \u00e8 da anni che auspica la reintroduzione dei concorsi (l&#8217;ultimo risale al 1999) e la notizia di ieri non pu\u00f2 che far ben sperare, ma sindacati e politici non sono tutti cos\u00ec d&#8217;accordo con l&#8217;idea avuta dal ministro Profumo&#8230;<\/p>\n<p>che il dibattito abbia inizio!<\/p>\n<p>&nbsp;<\/p>\n","protected":false},"excerpt":{"rendered":"<p>Ieri migliaia e migliaia di giovani neo laureati e aspiranti insegnanti potrebbero aver tirato un sospiro di sollievo. Il Ministro Profumo ha infatti annunciato l&#8217;intenzione di indire un maxi concorso nel 2012 per permettere ai giovani aspiranti insegnati di ottenere finalmente una tanto desiderata cattedra di insegnamento alle elementari, alle medie e alle superiori. \u00a0Le [&hellip;]<\/p>\n","protected":false},"author":161,"featured_media":0,"comment_status":"open","ping_status":"open","sticky":false,"template":"","format":"standard","meta":[],"categories":[13],"tags":[],"_links":{"self":[{"href":"https:\/\/iopartecipo.azionecattolica.it\/index.php?rest_route=\/wp\/v2\/posts\/1811"}],"collection":[{"href":"https:\/\/iopartecipo.azionecattolica.it\/index.php?rest_route=\/wp\/v2\/posts"}],"about":[{"href":"https:\/\/iopartecipo.azionecattolica.it\/index.php?rest_route=\/wp\/v2\/types\/post"}],"author":[{"embeddable":true,"href":"https:\/\/iopartecipo.azionecattolica.it\/index.php?rest_route=\/wp\/v2\/users\/161"}],"replies":[{"embeddable":true,"href":"https:\/\/iopartecipo.azionecattolica.it\/index.php?rest_route=%2Fwp%2Fv2%2Fcomments&post=1811"}],"version-history":[{"count":5,"href":"https:\/\/iopartecipo.azionecattolica.it\/index.php?rest_route=\/wp\/v2\/posts\/1811\/revisions"}],"predecessor-version":[{"id":1817,"href":"https:\/\/iopartecipo.azionecattolica.it\/index.php?rest_route=\/wp\/v2\/posts\/1811\/revisions\/1817"}],"wp:attachment":[{"href":"https:\/\/iopartecipo.azionecattolica.it\/index.php?rest_route=%2Fwp%2Fv2%2Fmedia&parent=1811"}],"wp:term":[{"taxonomy":"category","embeddable":true,"href":"https:\/\/iopartecipo.azionecattolica.it\/index.php?rest_route=%2Fwp%2Fv2%2Fcategories&post=1811"},{"taxonomy":"post_tag","embeddable":true,"href":"https:\/\/iopartecipo.azionecattolica.it\/index.php?rest_route=%2Fwp%2Fv2%2Ftags&post=1811"}],"curies":[{"name":"wp","href":"https:\/\/api.w.org\/{rel}","templated":true}]}}