{"id":1838,"date":"2012-01-08T23:23:51","date_gmt":"2012-01-08T22:23:51","guid":{"rendered":"http:\/\/iopartecipo.azionecattolica.it\/?p=1838"},"modified":"2012-01-08T23:25:02","modified_gmt":"2012-01-08T22:25:02","slug":"impressioni-dai-cips","status":"publish","type":"post","link":"https:\/\/iopartecipo.azionecattolica.it\/?p=1838","title":{"rendered":"Impressioni dai CIPS.."},"content":{"rendered":"<p><em>Don Rocco Barra, assistente MSAC della diocesi di Aversa, ci ha voluto raccontare in queste poche righe, l&#8217;esperienza vissuta durante CIPS (2-5 gennaio) e che ha visto impegnati moltissimi msacchini fra nord, centro e sud Italia.<\/em><\/p>\n<p style=\"text-align: center;\"><em><a href=\"http:\/\/www.azionecattolica.it\/net\/iopartecipo\/wp-content\/uploads\/2012\/01\/cips-centro-2012.jpg\"><img loading=\"lazy\" class=\"aligncenter size-medium wp-image-1839\" title=\"cips centro 2012\" src=\"http:\/\/www.azionecattolica.it\/net\/iopartecipo\/wp-content\/uploads\/2012\/01\/cips-centro-2012-300x199.jpg\" alt=\"\" width=\"500\" height=\"299\" \/><\/a><br \/>\n<\/em><\/p>\n<p style=\"text-align: center;\"><strong>CIPS:<\/strong><\/p>\n<p style=\"text-align: center;\"><strong> <\/strong><strong>Un\u2019esperienza MSACcosamente affascinante<\/strong><\/p>\n<p>&nbsp;<\/p>\n<p>\u201c Hei, tu che hai da fare dal 2 al 5 gennaio?\u201d<\/p>\n<p>Con questo slogan iniziava il video spot dei CIPS nord-centro-sud del Movimento Studenti di Azione Cattolica.<\/p>\n<p>\u00c8 stato tutto MSACcosamente bello del momento del nostro arrivo fino alla partenza. Giovanissimi di AC di tutta Italia riuniti a nord (Mantova), centro (Rimini) e sud (Santeramo in Colle), per vivere giornate scandite da eventi, conferenze, attivit\u00e0 proposte, altamente formative e form-attive!!! Posso definirle momenti di alta \u201cscuola\u201d. Gi\u00e0 la scuola; questo mondo a volte strano, buffo, confusionario, ma sempre utile, di crescita (culturale-sociale-comunitario-religioso). La scuola; luogo dove i giovanissimi passano la maggioranza del loro tempo. La scuola; luogo dove si apprendono i sogni (ci\u00f2 che vogliono fare da grandi) scegliendo l\u2019indirizzo formativo che piace. La scuola; luogo di crescita, di multiculturalit\u00e0, di pregiudizi, di certezze e insicurezze, di uomini e donne capaci di osare e mettersi in gioco per un futuro migliore. La scuola; bella perch\u00e9 varia.<\/p>\n<p>In questo panorama colorato si sono inseriti i nostri CIPS. \u00c8 stato un MSACCO BELLO (scusate la copia della citazione), re-incontrasi con tanti msacchini\u00a0 conosciuti al congresso nazionale e al campo estivo di Fognano. \u00c8 stata occasione di ritrovare volti, sorrisi, abbracci.<\/p>\n<p>Avere la ghiotta occasione di dar vita al sogno della \u201ctua\u201d scuola non ha prezzo. Girando e curiosando nei gruppi, con religiosa discrezione e sempre col sorriso, nel vedere quei giovanissimi animati da questo forte ideale, di sentire ognuno la scuola come \u201csua\u201d, mi ha riempito di gioia e fierezza. Oggi in cui i giovani sono etichettati come incostanti, immaturi, inesperti dalla gente comune, la proposta formativa msacchina irrompe con forza e fa gridare che: \u201cnoi studenti di AC ci siamo e vogliamo fare la nostra parte nella Chiesa e nella societ\u00e0, attraverso l\u2019ambiente che viviamo ogni giorno: la scuola!\u201d.<\/p>\n<p>Ormai ne sono convinto, msacchino si nasce e formandosi lo si diventa sempre pi\u00f9. Ai confratelli assistenti mi sento di incentivare sempre al movimento nel settore giovani, perch\u00e9 \u00e8 un\u2019esperienza unica!<\/p>\n<p>Esperienza che ha portato a tutti, equipe nazionale (cui va un grazie MSACcosamente immenso) e campisti, un nuovo slancio per i giovanissimi che sono tanto a cuore di noi assistenti, perch\u00e9 il MSAC \u00e8 l\u2019essenza del giovanissimo di oggi.<\/p>\n<p>Quell\u2019essenza che ci ha visti pregare assieme mattina, mezzogiorno e sera, sempre fuori orario rispetto al programma (ma che ci vuoi fare \u00e8 bello anche cos\u00ec). Quell\u2019essenza che ci ha fatto fare tardi la sera e chi sa perch\u00e9 si radunarsi e divertirsi sempre fuori la mia camera.<\/p>\n<p>Quell\u2019essenza, infine, che nell\u2019ultimo giorno insieme a tre msacchini ci fece sventolare fra le mani una delle tante magliette diocesane del movimento e con fare goliardico ci fece cantare sul motivetto della parte finale del ritornello della canzone \u201cla vita \u00e8 tutto un quiz\u201d di Renzo Arbore, queste parole che sono scritte felicemente nella nostra storia del movimento: \u201cPER QUESTA MAGLIA GIOISCO E CANTO SON DEL MSAC E ME NE VANTO!<\/p>\n<p>Buona vita a tutti e viva il Movimento, viva l\u2019Azione Cattolica.<\/p>\n<p>Don Rocco Barra<\/p>\n<p><em><br \/>\n<\/em><\/p>\n","protected":false},"excerpt":{"rendered":"<p>Don Rocco Barra, assistente MSAC della diocesi di Aversa, ci ha voluto raccontare in queste poche righe, l&#8217;esperienza vissuta durante CIPS (2-5 gennaio) e che ha visto impegnati moltissimi msacchini fra nord, centro e sud Italia. CIPS: Un\u2019esperienza MSACcosamente affascinante &nbsp; \u201c Hei, tu che hai da fare dal 2 al 5 gennaio?\u201d Con questo [&hellip;]<\/p>\n","protected":false},"author":1,"featured_media":0,"comment_status":"open","ping_status":"open","sticky":false,"template":"","format":"standard","meta":[],"categories":[9],"tags":[],"_links":{"self":[{"href":"https:\/\/iopartecipo.azionecattolica.it\/index.php?rest_route=\/wp\/v2\/posts\/1838"}],"collection":[{"href":"https:\/\/iopartecipo.azionecattolica.it\/index.php?rest_route=\/wp\/v2\/posts"}],"about":[{"href":"https:\/\/iopartecipo.azionecattolica.it\/index.php?rest_route=\/wp\/v2\/types\/post"}],"author":[{"embeddable":true,"href":"https:\/\/iopartecipo.azionecattolica.it\/index.php?rest_route=\/wp\/v2\/users\/1"}],"replies":[{"embeddable":true,"href":"https:\/\/iopartecipo.azionecattolica.it\/index.php?rest_route=%2Fwp%2Fv2%2Fcomments&post=1838"}],"version-history":[{"count":2,"href":"https:\/\/iopartecipo.azionecattolica.it\/index.php?rest_route=\/wp\/v2\/posts\/1838\/revisions"}],"predecessor-version":[{"id":1841,"href":"https:\/\/iopartecipo.azionecattolica.it\/index.php?rest_route=\/wp\/v2\/posts\/1838\/revisions\/1841"}],"wp:attachment":[{"href":"https:\/\/iopartecipo.azionecattolica.it\/index.php?rest_route=%2Fwp%2Fv2%2Fmedia&parent=1838"}],"wp:term":[{"taxonomy":"category","embeddable":true,"href":"https:\/\/iopartecipo.azionecattolica.it\/index.php?rest_route=%2Fwp%2Fv2%2Fcategories&post=1838"},{"taxonomy":"post_tag","embeddable":true,"href":"https:\/\/iopartecipo.azionecattolica.it\/index.php?rest_route=%2Fwp%2Fv2%2Ftags&post=1838"}],"curies":[{"name":"wp","href":"https:\/\/api.w.org\/{rel}","templated":true}]}}