{"id":1848,"date":"2012-01-11T14:11:01","date_gmt":"2012-01-11T13:11:01","guid":{"rendered":"http:\/\/iopartecipo.azionecattolica.it\/?p=1848"},"modified":"2012-01-11T14:58:16","modified_gmt":"2012-01-11T13:58:16","slug":"osservatorio-per-la-disabilita","status":"publish","type":"post","link":"https:\/\/iopartecipo.azionecattolica.it\/?p=1848","title":{"rendered":"Osservatorio per la disabilit\u00e0"},"content":{"rendered":"<p>Ecco un breve resoconto &#8211; per punti &#8211; di quanto emerso durante l&#8217;insediamento dell&#8217;Osservatorio permanente per l&#8217;integrazione degli alunni con disabilit\u00e0 al quale ha partecipato il MSAC in rappresentanza di tutte le Associazioni studentesche del Forum.<br \/>\n&#8211; all&#8217;incontro erano presenti una quarantina-cinquantina di persone tra rappresentanti di associazioni e dirigenti. ministeriali. Era presente\u00a0anche il rappresentante del Forum delle Associazioni dei Genitori presso il MIUR.<br \/>\n&#8211; la riunione \u00e8 stata coordinata &#8211; in extremis per un imprevisto &#8211; dal sottosegretario Elena Ugolini (che cos\u00ec abbiamo conosciuto) dato che il ministro \u00e8 stato trattenuto in commissione cultura alla Camera per l&#8217;audizione parlamentare (\u00e8 passato a met\u00e0 incontro a salutare e a scusarsi ma l&#8217;assenza non \u00e8 dipesa da lui).<br \/>\n&#8211; tutte le associazioni per disabili hanno espresso di essere molto contente che in questo Osservatorio x l&#8217;integrazione dei disabili sia presente un rappresentante degli studenti perch\u00e9 l&#8217;integrazione parte proprio dai compagni di classe.<br \/>\n&#8211; \u00e8 emerso che \u00e8 necessario intervenire sulla formazione dei docenti \u00a0e degli insegnanti di sostegno.<br \/>\n&#8211; le associazioni hanno chiesto un monitoraggio dell&#8217;applicazione delle leggi sulla disabilit\u00e0 che pare siano all&#8217;avanguardia nel nostro paese rispetto al resto dell&#8217;Europa ma, ci\u00f2 nonostante, spesso inattuate<br \/>\n&#8211; hanno altres\u00ec evidenziato la necessit\u00e0 dell&#8217;abbattimento delle barriere architettoniche e di attuare un vero diritto allo studio per i disabili<br \/>\n&#8211; il MSAC, in rappresentanza di tutte le associazioni studentesche, ha sottolineato che gli studenti sono contenti di essere stati coinvolti e di vedere che le associazioni dei disabili abbiano apprezzato molto (davvero molto&#8230;) la nostra presenza; abbiamo detto che sar\u00e0 nostro impegno partecipare alle riunioni dell&#8217;Osservatorio e che siamo sicuramente disponibili a raccogliere i suggerimenti di associazioni competenti circa le urgenze e le necessit\u00e0 primarie per l&#8217;attuazione di un vero diritto allo studio anche per i disabili, dal momento che \u00e8 uno dei punti emersi anche al Tavolo sul diritto allo studio.<br \/>\n&#8211; la prossima riunione dell&#8217;Osservatorio \u00e8 il 29 febbraio alle ore 15 nel Salone dei ministri.<\/p>\n","protected":false},"excerpt":{"rendered":"<p>Ecco un breve resoconto &#8211; per punti &#8211; di quanto emerso durante l&#8217;insediamento dell&#8217;Osservatorio permanente per l&#8217;integrazione degli alunni con disabilit\u00e0 al quale ha partecipato il MSAC in rappresentanza di tutte le Associazioni studentesche del Forum. &#8211; all&#8217;incontro erano presenti una quarantina-cinquantina di persone tra rappresentanti di associazioni e dirigenti. ministeriali. Era presente\u00a0anche il rappresentante [&hellip;]<\/p>\n","protected":false},"author":5,"featured_media":0,"comment_status":"open","ping_status":"open","sticky":false,"template":"","format":"standard","meta":[],"categories":[6,13],"tags":[38,100,108,40,22,110,96,109,97],"_links":{"self":[{"href":"https:\/\/iopartecipo.azionecattolica.it\/index.php?rest_route=\/wp\/v2\/posts\/1848"}],"collection":[{"href":"https:\/\/iopartecipo.azionecattolica.it\/index.php?rest_route=\/wp\/v2\/posts"}],"about":[{"href":"https:\/\/iopartecipo.azionecattolica.it\/index.php?rest_route=\/wp\/v2\/types\/post"}],"author":[{"embeddable":true,"href":"https:\/\/iopartecipo.azionecattolica.it\/index.php?rest_route=\/wp\/v2\/users\/5"}],"replies":[{"embeddable":true,"href":"https:\/\/iopartecipo.azionecattolica.it\/index.php?rest_route=%2Fwp%2Fv2%2Fcomments&post=1848"}],"version-history":[{"count":3,"href":"https:\/\/iopartecipo.azionecattolica.it\/index.php?rest_route=\/wp\/v2\/posts\/1848\/revisions"}],"predecessor-version":[{"id":1850,"href":"https:\/\/iopartecipo.azionecattolica.it\/index.php?rest_route=\/wp\/v2\/posts\/1848\/revisions\/1850"}],"wp:attachment":[{"href":"https:\/\/iopartecipo.azionecattolica.it\/index.php?rest_route=%2Fwp%2Fv2%2Fmedia&parent=1848"}],"wp:term":[{"taxonomy":"category","embeddable":true,"href":"https:\/\/iopartecipo.azionecattolica.it\/index.php?rest_route=%2Fwp%2Fv2%2Fcategories&post=1848"},{"taxonomy":"post_tag","embeddable":true,"href":"https:\/\/iopartecipo.azionecattolica.it\/index.php?rest_route=%2Fwp%2Fv2%2Ftags&post=1848"}],"curies":[{"name":"wp","href":"https:\/\/api.w.org\/{rel}","templated":true}]}}