{"id":185,"date":"2008-10-25T14:45:20","date_gmt":"2008-10-25T13:45:20","guid":{"rendered":"http:\/\/www.azionecattolica.it\/net\/iopartecipo\/?p=185"},"modified":"2008-10-27T15:04:08","modified_gmt":"2008-10-27T14:04:08","slug":"incontro-con-il-ministro-del-24-ottobre","status":"publish","type":"post","link":"https:\/\/iopartecipo.azionecattolica.it\/?p=185","title":{"rendered":"Incontro con il Ministro del 24 ottobre"},"content":{"rendered":"<p><img loading=\"lazy\" class=\"aligncenter\" src=\"http:\/\/www.fgci.it\/modules\/My_eGallery\/gallery\/006\/manifestazione%2018%20feb%20066.jpg\" alt=\"\" width=\"540\" height=\"404\" \/><\/p>\n<p>Carissimi msacchini,<br \/>\nsono Marco, e ieri ho indegnamente sostituito Saretta nel &#8220;faccia a faccia&#8221; con il ministro dell&#8217;Istruzione Maria Stella Gelmini: certamente la nostra grande segretaria avrebbe saputo comunicare in modo pi\u00f9 approfondito la ricca riflessione del Movimento sull&#8217;attuale momento della scuola!<\/p>\n<p>In ogni caso ci tengo davvero molto a raccontarvi cosa \u00e8 successo in quei 10 minuti di colloquio e le mie impressioni personali. Innanzitutto, sono stato ricevuto insieme a Luca Bilardo, vicepresidente della Fuci: si \u00e8 trattato di un piccolo ma significativo &#8220;esercizio di condivisione&#8221;, del quale siamo davvero felici.<\/p>\n<p>Fatta questa premessa, andiamo ai fatti. Al ministro ho cercato di esporre i punti salienti ricavati dalle recenti audizioni parlamentari del Msac: le perplessit\u00e0 sulla diminuzione del monte-ore e sui tagli al corpo-docente e amministrativo, le preoccupazioni per il dimensionamento degli edifici, la richiesta di una legge-quadro sul diritto allo studio, le proposte per la formazione e il reclutamento degli insegnati. Ovviamente, abbiamo ribadito tutte le riserve sul metodo della decretazione d&#8217;urgenza, poco adatto quando al centro c&#8217;\u00e8 un bene prezioso per la societ\u00e0 quale la scuola.<\/p>\n<p>Il ministro ha fornito delle rassicurazioni, specie sulla questione del dimensionamento degli istituti: a suo avviso la razionalizzazione sar\u00e0 di tipo amministrativo, senza andare ad intaccare i presidi scolastici nelle periferie del Paese. Ovviamente stiamo a vedere. Dal punto di vista politico, vi riporto questa che mi sembra essere la sua riflessione pi\u00f9 importante: &#8220;Se non si operano tagli sulla spesa corrente non ci potranno essere investimenti sul diritto allo studio e sulla qualit\u00e0&#8221;. Quanto al ricorso al decreto, l&#8217;ha giustificato con la necessit\u00e0 di lanciare subito dei &#8220;segnali educativi&#8221; e di farlo &#8220;in tempo per l&#8217;inizio dell&#8217;anno scolastico&#8221;.<\/p>\n<p>Luca, sul versante universitario, ha sottolineato le preoccupazioni circa lo strumento della fondazione privata come soluzione agli sbilanci delle universit\u00e0, e sul &#8220;blocco dei precari&#8221;, che potrebbe danneggiare nuove generazioni di studiosi.<\/p>\n<p>Qui finisce il mio compito da cronista e iniziano le (poche e brevi) opinioni personali:<br \/>\n&#8211; a mio avviso ogni confronto istituzionale va accolto con serenit\u00e0 e spirito costruttivo, anche se \u00e8 evidente che quello di ieri \u00e8 avvenuto in forte ritardo rispetto all&#8217;iter di alcuni provvedimenti (non di tutti, per fortuna!);<br \/>\n&#8211; le audizioni hanno avuto un impatto mediale enorme, superiore, in fondo, alla stessa sostanza dei &#8220;faccia a faccia&#8221;;<br \/>\n&#8211; in un clima cos\u00ec avvelenato (troppo, davvero troppo&#8230;), mi sono reso conto che proprio il nostro\/vostro incredibile lavoro, ispirato da un sano e gratuito amore per la scuola, pu\u00f2 essere uno strumento incredibile al servizio di tutti, sia di chi deve decidere sia di chi deve valutare i provvedimenti adottati.<\/p>\n<p>Alla luce di tutto ci\u00f2 vi volevo ringraziare di cuore: perch\u00e9 state aiutando tutta l&#8217;associazione a maturare una sensibilit\u00e0 sempre pi\u00f9 forte verso la scuola, perch\u00e9 con grande senso civico e generosit\u00e0 abitate, da credenti, tutti i luoghi della partecipazione studentesca.<\/p>\n<p>Marco<\/p>\n","protected":false},"excerpt":{"rendered":"<p>Carissimi msacchini, sono Marco, e ieri ho indegnamente sostituito Saretta nel &#8220;faccia a faccia&#8221; con il ministro dell&#8217;Istruzione Maria Stella Gelmini: certamente la nostra grande segretaria avrebbe saputo comunicare in modo pi\u00f9 approfondito la ricca riflessione del Movimento sull&#8217;attuale momento della scuola! In ogni caso ci tengo davvero molto a raccontarvi cosa \u00e8 successo in [&hellip;]<\/p>\n","protected":false},"author":1,"featured_media":0,"comment_status":"open","ping_status":"open","sticky":false,"template":"","format":"standard","meta":[],"categories":[1],"tags":[],"_links":{"self":[{"href":"https:\/\/iopartecipo.azionecattolica.it\/index.php?rest_route=\/wp\/v2\/posts\/185"}],"collection":[{"href":"https:\/\/iopartecipo.azionecattolica.it\/index.php?rest_route=\/wp\/v2\/posts"}],"about":[{"href":"https:\/\/iopartecipo.azionecattolica.it\/index.php?rest_route=\/wp\/v2\/types\/post"}],"author":[{"embeddable":true,"href":"https:\/\/iopartecipo.azionecattolica.it\/index.php?rest_route=\/wp\/v2\/users\/1"}],"replies":[{"embeddable":true,"href":"https:\/\/iopartecipo.azionecattolica.it\/index.php?rest_route=%2Fwp%2Fv2%2Fcomments&post=185"}],"version-history":[{"count":4,"href":"https:\/\/iopartecipo.azionecattolica.it\/index.php?rest_route=\/wp\/v2\/posts\/185\/revisions"}],"predecessor-version":[{"id":189,"href":"https:\/\/iopartecipo.azionecattolica.it\/index.php?rest_route=\/wp\/v2\/posts\/185\/revisions\/189"}],"wp:attachment":[{"href":"https:\/\/iopartecipo.azionecattolica.it\/index.php?rest_route=%2Fwp%2Fv2%2Fmedia&parent=185"}],"wp:term":[{"taxonomy":"category","embeddable":true,"href":"https:\/\/iopartecipo.azionecattolica.it\/index.php?rest_route=%2Fwp%2Fv2%2Fcategories&post=185"},{"taxonomy":"post_tag","embeddable":true,"href":"https:\/\/iopartecipo.azionecattolica.it\/index.php?rest_route=%2Fwp%2Fv2%2Ftags&post=185"}],"curies":[{"name":"wp","href":"https:\/\/api.w.org\/{rel}","templated":true}]}}