{"id":1855,"date":"2012-01-17T19:03:05","date_gmt":"2012-01-17T18:03:05","guid":{"rendered":"http:\/\/iopartecipo.azionecattolica.it\/?p=1855"},"modified":"2012-01-17T19:03:05","modified_gmt":"2012-01-17T18:03:05","slug":"nuovo-catalogo-digitale-per-la-biblioteca-centrale-miur","status":"publish","type":"post","link":"https:\/\/iopartecipo.azionecattolica.it\/?p=1855","title":{"rendered":"Nuovo catalogo digitale per la Biblioteca centrale MIUR"},"content":{"rendered":"<div>fonte: sito MIUR<\/div>\n<div><img loading=\"lazy\" class=\"aligncenter\" src=\"http:\/\/www.istruzione.it\/alfresco\/d\/d\/workspace\/SpacesStore\/10c50daf-5e17-4f19-9b8f-caf06c7a53e0\/focus_biblioteca.gif\" border=\"0\" alt=\"\" width=\"135\" height=\"75\" \/><\/div>\n<div><\/div>\n<div>Il nuovo catalogo digitale della biblioteca centrale \u00e8 disponibile sul sito del Ministero. E&#8217; cominciata infatti, e sta procedendo rapidamente, la digitalizzazione del catalogo cartaceo della biblioteca. Circa 5.500 titoli sono gi\u00e0 consultabili sul catalogo on line, presente sul sito web del Miur. Aumenta, dunque, la qualit\u00e0 del servizio pubblico offerto dalla biblioteca centrale che, dal 2011, \u00e8 entrata nel circuito del Servizio Bibliotecario Nazionale (SBN).<\/div>\n<p>Ecco il link: <a title=\"qui\" href=\"http:\/\/rstampa.pubblica.istruzione.it\/bibliotecaconsultazione\/librolist.asp\">qui<\/a><\/p>\n","protected":false},"excerpt":{"rendered":"<p>fonte: sito MIUR Il nuovo catalogo digitale della biblioteca centrale \u00e8 disponibile sul sito del Ministero. E&#8217; cominciata infatti, e sta procedendo rapidamente, la digitalizzazione del catalogo cartaceo della biblioteca. Circa 5.500 titoli sono gi\u00e0 consultabili sul catalogo on line, presente sul sito web del Miur. Aumenta, dunque, la qualit\u00e0 del servizio pubblico offerto dalla [&hellip;]<\/p>\n","protected":false},"author":5,"featured_media":0,"comment_status":"open","ping_status":"open","sticky":false,"template":"","format":"standard","meta":[],"categories":[6,13],"tags":[111,206,40,112],"_links":{"self":[{"href":"https:\/\/iopartecipo.azionecattolica.it\/index.php?rest_route=\/wp\/v2\/posts\/1855"}],"collection":[{"href":"https:\/\/iopartecipo.azionecattolica.it\/index.php?rest_route=\/wp\/v2\/posts"}],"about":[{"href":"https:\/\/iopartecipo.azionecattolica.it\/index.php?rest_route=\/wp\/v2\/types\/post"}],"author":[{"embeddable":true,"href":"https:\/\/iopartecipo.azionecattolica.it\/index.php?rest_route=\/wp\/v2\/users\/5"}],"replies":[{"embeddable":true,"href":"https:\/\/iopartecipo.azionecattolica.it\/index.php?rest_route=%2Fwp%2Fv2%2Fcomments&post=1855"}],"version-history":[{"count":1,"href":"https:\/\/iopartecipo.azionecattolica.it\/index.php?rest_route=\/wp\/v2\/posts\/1855\/revisions"}],"predecessor-version":[{"id":1856,"href":"https:\/\/iopartecipo.azionecattolica.it\/index.php?rest_route=\/wp\/v2\/posts\/1855\/revisions\/1856"}],"wp:attachment":[{"href":"https:\/\/iopartecipo.azionecattolica.it\/index.php?rest_route=%2Fwp%2Fv2%2Fmedia&parent=1855"}],"wp:term":[{"taxonomy":"category","embeddable":true,"href":"https:\/\/iopartecipo.azionecattolica.it\/index.php?rest_route=%2Fwp%2Fv2%2Fcategories&post=1855"},{"taxonomy":"post_tag","embeddable":true,"href":"https:\/\/iopartecipo.azionecattolica.it\/index.php?rest_route=%2Fwp%2Fv2%2Ftags&post=1855"}],"curies":[{"name":"wp","href":"https:\/\/api.w.org\/{rel}","templated":true}]}}