{"id":1867,"date":"2012-01-25T13:00:28","date_gmt":"2012-01-25T12:00:28","guid":{"rendered":"http:\/\/iopartecipo.azionecattolica.it\/?p=1867"},"modified":"2012-01-25T13:00:28","modified_gmt":"2012-01-25T12:00:28","slug":"aaa-referenti-legislativi-msac","status":"publish","type":"post","link":"https:\/\/iopartecipo.azionecattolica.it\/?p=1867","title":{"rendered":"AAA: Referenti legislativi MSAC"},"content":{"rendered":"<p>&nbsp;<\/p>\n<p style=\"text-align: right;\">Prot. n. 17\/2012<\/p>\n<p style=\"text-align: right;\">Roma, 24 gennaio 2012<\/p>\n<p style=\"text-align: right;\">&nbsp;<\/p>\n<p style=\"text-align: right;\">Ai segretari diocesani MSAC<\/p>\n<p style=\"text-align: right;\">Agli incaricati alla formazione MSAC<\/p>\n<p style=\"text-align: right;\">All&#8217;\u00e9quipe nazionale MSAC<\/p>\n<p style=\"text-align: right;\">e p. c.\u00a0\u00a0 agli assistenti diocesani MSAC<\/p>\n<p>&nbsp;<\/p>\n<p>Carissimi segretari,<\/p>\n<p>Vi raggiungiamo con questa mail per aggiornarvi e raccontarvi un po&#8217; pi\u00f9 in dettaglio\u00a0 quanto sta accadendo al Ministero dell&#8217;Istruzione, dell&#8217;universit\u00e0 e della ricerca (in un acronimo, MIUR) da quando a guidarlo \u00e8 Francesco Profumo.<\/p>\n<p>Sicuramente dal blog &#8220;ioPartecipo&#8221; e tramite i social network (e ci riferiamo a Facebook e twitter in particolare) abbiamo tutti avuto la possibilit\u00e0 di seguire quanto sta accadendo: sono state riportate le nostre impressioni, \u00e8 stato sicuramente percepito il nostro rinnovato entusiasmo, che \u00e8 poi la passione di tutti noi msacchini e non solo di chi partecipa fisicamente al Forum, nell&#8217;avere la possibilit\u00e0 di interloquire non solo con il Ministro, ma con tutto il Ministero! Il clima \u00e8 infatti molto propositivo in viale Trastevere e, dopo tanto tempo, quei pareri che abbiamo tanto studiato e pensato (e su cui abbiamo anche tanto sudato), hanno finalmente l&#8217;opportunit\u00e0 di essere ascoltati e dibattuti, che poi ci\u00f2 che abbiamo sempre chiesto: dialogo e confronto.<\/p>\n<p>Vi raggiungiamo\u00a0 dunque perch\u00e9, visti anche i lavori che stanno prendendo piede al Ministero (fra poche righe ve li raccontiamo per quanto ne sappiamo), ci pare il momento (ed era ora, direte voi!) di <span style=\"text-decoration: underline;\">raccogliere i nominativi dei referenti legislativi delle vostre diocesi <\/span>(o di individuare questa figura l\u00ec dove non \u00e8 stata ancora trovata), per poter finalmente valorizzazione e dare concretezza a questa nuova figura, presentata e approvata, al congresso nazionale dell&#8217;aprile scorso. Vi chiediamo perci\u00f2 di mandare, il pi\u00f9 presto possibile, una mail a <a href=\"mailto:msac@azionecattolica.it\">msac@azionecattolica.it<\/a> con i nomi e i contatti (telefonici e mail) dei referenti legislativi delle vostre diocesi. Sar\u00e0 nostra premura creare una mailing list che ci permetta di rimanere in contatto via mail e che consenta finalmente di allacciare i fili di quella rete che deve tenere insieme i diversi circoli e l&#8217;\u00e9quipe nazionale msac, in particolare la segreteria nazionale e il delegato ai rapporti con il MIUR, tramite i referenti legislativi.<\/p>\n<p>Quello che chiederemo ai referenti legislativi \u00e8 di <span style=\"text-decoration: underline;\">leggere e commentare i documenti e i testi<\/span> che ci verranno forniti dal ministero per la preparazione dei lavori dei diversi tavoli tecnici in via di costituzione. Naturalmente sar\u00e0 loro compito condividere con i segretari, con l&#8217;\u00e9quipe diocesana e i msacchini tutti i temi in via di discussione, mantenendo sempre viva quell&#8217;attenzione alle politiche scolastiche di cui parliamo da diverso tempo. Inoltre, a scadenza ancora da stabilire (potrebbe essere quindicinale), verr\u00e0 inviata ai referenti legislativi <span style=\"text-decoration: underline;\">una rassegna stampa<\/span> che raccolga articoli recenti riguardanti il mondo della scuola apparsi su quotidiani nazionali e siti internet. Lo scopo di questa rassegna stampa vorrebbe essere quello di rimanere sempre aggiornati su quanto accade alla scuola, anche a livello locale (esistono un sacco di esperienze virtuose, ma anche problematicit\u00e0 che sarebbe opportuno conoscere e di cui si potrebbe parlare) e perci\u00f2 su argomenti non strettamente correlati a quanto si dibatte e costruisce intorno ai tavoli ministeriali. La rassegna stampa verr\u00e0 perci\u00f2 a rappresentare un altro importante bacino da cui attingere per il confronto in punti di incontro a scuola o durante momenti di formazione specifica.<\/p>\n<p>Per quanto riguarda i lavori in corso o in procinto di partire presso il MIUR, in collaborazione fra tecnici ministeriali e associazioni studentesche, sono in ballo i seguenti temi:<\/p>\n<p>1)\u00a0\u00a0\u00a0 la definizione di una <strong>legge quadro nazionale sul diritto allo studio<\/strong> che stabilisca i livelli essenziali delle prestazioni cui ogni studente deve poter usufruire.<\/p>\n<p>Questa legge, il cui iter di discussione in Parlamento non \u00e8 ancora definito, \u00e8 orientata a stabilire dei principi che dovranno essere resi effettivi da ciascuna regione. Per questo motivo, il Ministro porter\u00e0 un rappresentante del Forum delle associazioni studentesche alla conferenza Stato-Regioni quando all&#8217;ordine del giorno verr\u00e0 inserito il tema del diritto allo studio.<\/p>\n<p>In questa direzione, i lavori delle associazioni studentesche sono partiti da una bozza\u00a0\u00a0\u00a0\u00a0\u00a0\u00a0 di ddl (disegno di legge) preparato alcuni anni fa dallo stesso forum, ma mai giunto in\u00a0 Parlamento.<\/p>\n<p><span style=\"text-decoration: underline;\">Il tavolo sul diritto allo studio si riunir\u00e0 per la prima volta il 2 febbraio per definire in particolare la questione del comodato d&#8217;uso e della carta IoStudio.<\/span><\/p>\n<p>&nbsp;<\/p>\n<p>2) Tavolo sulla <strong>rappresentanza<\/strong> e per la revisione e riformulazione del <strong>DPR 567 <\/strong>(relativo alle attivit\u00e0 integrative).<\/p>\n<p>Il tavolo per la rappresentanza revisioner\u00e0 innanzitutto il decreto di costituzione del Forum, per ridefinirne la rappresentativit\u00e0, gli obiettivi e le finalit\u00e0. Per questa ragione vi chiediamo di <span style=\"text-decoration: underline;\">verificare e segnalarci i nomi dei msacchini dei vostri circoli eletti negli organi collegiali e rappresentanti eletti nelle consulte provinciali,<\/span> sia che siano presidenti di consulta sia che non lo siano, mandando una mail sempre a <a href=\"mailto:msac@azionecattolica.it\">msac@azionecattolica.it<\/a> .<\/p>\n<p>Una volta rivisto questo decreto, verr\u00e0 sicuramente affrontato il discorso riguardante la <strong>riforma degli organi collegiali<\/strong> (OOCC).<\/p>\n<p>&nbsp;<\/p>\n<p>3) \u00e8 stato istituito, come avete potuto leggere su IoPartecipo, <strong>l&#8217;Osservatorio permanete per la disabilit\u00e0<\/strong>, i cui lavori inizieranno ufficialmente il 29 febbraio.<\/p>\n<p>&nbsp;<\/p>\n<p>4) sta per essere istituito un <strong>tavolo permanente sull&#8217;Orientamento<\/strong>.<\/p>\n<p>&nbsp;<\/p>\n<p>Questi sono i tavoli di cui \u00e8 gi\u00e0 stata annunciata l&#8217;apertura dei lavori. Ce ne sono altri di cui ancora attendiamo notizie e riguardano:<\/p>\n<p>&#8211; l&#8217;alternanza scuola\/lavoro e gli stage<\/p>\n<p>&#8211; l&#8217;edilizia scolastica<\/p>\n<p>Come avrete potuto leggere, ci sono tanti argomenti da approfondire, tanti argomenti su cui informarsi e farsi un&#8217; opinione e siamo sicuri che tutti insieme, con i nuovissimi e scalpitanti referenti legislativi, riusciremo a dare quel contributo che ci \u00e8 richiesto dal Ministero, ma soprattutto dalle scuole in cui cresciamo ogni giorno.<\/p>\n<p>Buon lavoro a tutti!<\/p>\n<p><em>Elena, Michele (delegato ai rapporti con il MIUR) e l&#8217;\u00e9quipe nazionale MSAC<\/em><\/p>\n<p>SCARICA LA <a href=\"http:\/\/www.azionecattolica.it\/net\/iopartecipo\/wp-content\/uploads\/2012\/01\/Lettera-segretari-per-referenti-legislativi-11.pdf\">LETTERA<\/a> IN FORMATO PDF<\/p>\n","protected":false},"excerpt":{"rendered":"<p>&nbsp; Prot. n. 17\/2012 Roma, 24 gennaio 2012 &nbsp; Ai segretari diocesani MSAC Agli incaricati alla formazione MSAC All&#8217;\u00e9quipe nazionale MSAC e p. c.\u00a0\u00a0 agli assistenti diocesani MSAC &nbsp; Carissimi segretari, Vi raggiungiamo con questa mail per aggiornarvi e raccontarvi un po&#8217; pi\u00f9 in dettaglio\u00a0 quanto sta accadendo al Ministero dell&#8217;Istruzione, dell&#8217;universit\u00e0 e della ricerca [&hellip;]<\/p>\n","protected":false},"author":1,"featured_media":0,"comment_status":"open","ping_status":"open","sticky":false,"template":"","format":"standard","meta":[],"categories":[1,13],"tags":[37,206,87,40,22,96,114],"_links":{"self":[{"href":"https:\/\/iopartecipo.azionecattolica.it\/index.php?rest_route=\/wp\/v2\/posts\/1867"}],"collection":[{"href":"https:\/\/iopartecipo.azionecattolica.it\/index.php?rest_route=\/wp\/v2\/posts"}],"about":[{"href":"https:\/\/iopartecipo.azionecattolica.it\/index.php?rest_route=\/wp\/v2\/types\/post"}],"author":[{"embeddable":true,"href":"https:\/\/iopartecipo.azionecattolica.it\/index.php?rest_route=\/wp\/v2\/users\/1"}],"replies":[{"embeddable":true,"href":"https:\/\/iopartecipo.azionecattolica.it\/index.php?rest_route=%2Fwp%2Fv2%2Fcomments&post=1867"}],"version-history":[{"count":1,"href":"https:\/\/iopartecipo.azionecattolica.it\/index.php?rest_route=\/wp\/v2\/posts\/1867\/revisions"}],"predecessor-version":[{"id":1870,"href":"https:\/\/iopartecipo.azionecattolica.it\/index.php?rest_route=\/wp\/v2\/posts\/1867\/revisions\/1870"}],"wp:attachment":[{"href":"https:\/\/iopartecipo.azionecattolica.it\/index.php?rest_route=%2Fwp%2Fv2%2Fmedia&parent=1867"}],"wp:term":[{"taxonomy":"category","embeddable":true,"href":"https:\/\/iopartecipo.azionecattolica.it\/index.php?rest_route=%2Fwp%2Fv2%2Fcategories&post=1867"},{"taxonomy":"post_tag","embeddable":true,"href":"https:\/\/iopartecipo.azionecattolica.it\/index.php?rest_route=%2Fwp%2Fv2%2Ftags&post=1867"}],"curies":[{"name":"wp","href":"https:\/\/api.w.org\/{rel}","templated":true}]}}