{"id":1889,"date":"2012-02-23T17:19:14","date_gmt":"2012-02-23T16:19:14","guid":{"rendered":"http:\/\/iopartecipo.azionecattolica.it\/?p=1889"},"modified":"2012-02-23T17:22:10","modified_gmt":"2012-02-23T16:22:10","slug":"e-online-il-nuovo-sito-del-msac","status":"publish","type":"post","link":"https:\/\/iopartecipo.azionecattolica.it\/?p=1889","title":{"rendered":"E&#8217; online il nuovo sito del MSAC"},"content":{"rendered":"<p>&nbsp;<\/p>\n<p style=\"text-align: center;\"><a href=\"http:\/\/www.azionecattolica.it\/net\/iopartecipo\/wp-content\/uploads\/2012\/02\/Schermata-02-2455981-alle-17.04.09.png\"><img loading=\"lazy\" class=\"aligncenter size-medium wp-image-1891\" title=\"Schermata 02-2455981 alle 17.04.09\" src=\"http:\/\/www.azionecattolica.it\/net\/iopartecipo\/wp-content\/uploads\/2012\/02\/Schermata-02-2455981-alle-17.04.09-300x190.png\" alt=\"\" width=\"500\" height=\"320\" \/><\/a><\/p>\n<p>&nbsp;<\/p>\n<p>Negli ultimi mesi avrete potuto notare come di fatto questo blog fosse diventato il canale preferenziale di comunicazione tramite web e avesse, in qualche modo, tentato di svolgere le stesse funzioni del sito (con pi\u00f9 o meno successo), questo perch\u00e9 un <a href=\"http:\/\/msac.azionecattolica.it\">nuovo sito<\/a> era in costruzione. Ora \u00e8 pronto e funzionante e consultabile! vi chiediamo ancora un po&#8217; di pazienza perch\u00e9 per trasferire tutti i contenuti del vecchio sito ci vorr\u00e0 un po&#8217;, ma le news, le comunicazioni, le schede \u00a0e i materiali saranno immediatamente visibili e fruibili da tutti.<\/p>\n<p>Naturalmente, continuate a visitare e a commentare questo blog che pu\u00f2 finalmente tornare a svolgere la funzione per cui era nato cio\u00e8: essere una &#8220;piazza telematica&#8221;  interamente dedicata a riflettere insieme sulle tematiche in discussione al Forum delle Associazioni Studentesche presso il Ministero della Pubblica Istruzione.<\/p>\n","protected":false},"excerpt":{"rendered":"<p>&nbsp; &nbsp; Negli ultimi mesi avrete potuto notare come di fatto questo blog fosse diventato il canale preferenziale di comunicazione tramite web e avesse, in qualche modo, tentato di svolgere le stesse funzioni del sito (con pi\u00f9 o meno successo), questo perch\u00e9 un nuovo sito era in costruzione. Ora \u00e8 pronto e funzionante e consultabile! [&hellip;]<\/p>\n","protected":false},"author":161,"featured_media":0,"comment_status":"open","ping_status":"open","sticky":false,"template":"","format":"standard","meta":[],"categories":[6],"tags":[],"_links":{"self":[{"href":"https:\/\/iopartecipo.azionecattolica.it\/index.php?rest_route=\/wp\/v2\/posts\/1889"}],"collection":[{"href":"https:\/\/iopartecipo.azionecattolica.it\/index.php?rest_route=\/wp\/v2\/posts"}],"about":[{"href":"https:\/\/iopartecipo.azionecattolica.it\/index.php?rest_route=\/wp\/v2\/types\/post"}],"author":[{"embeddable":true,"href":"https:\/\/iopartecipo.azionecattolica.it\/index.php?rest_route=\/wp\/v2\/users\/161"}],"replies":[{"embeddable":true,"href":"https:\/\/iopartecipo.azionecattolica.it\/index.php?rest_route=%2Fwp%2Fv2%2Fcomments&post=1889"}],"version-history":[{"count":3,"href":"https:\/\/iopartecipo.azionecattolica.it\/index.php?rest_route=\/wp\/v2\/posts\/1889\/revisions"}],"predecessor-version":[{"id":1893,"href":"https:\/\/iopartecipo.azionecattolica.it\/index.php?rest_route=\/wp\/v2\/posts\/1889\/revisions\/1893"}],"wp:attachment":[{"href":"https:\/\/iopartecipo.azionecattolica.it\/index.php?rest_route=%2Fwp%2Fv2%2Fmedia&parent=1889"}],"wp:term":[{"taxonomy":"category","embeddable":true,"href":"https:\/\/iopartecipo.azionecattolica.it\/index.php?rest_route=%2Fwp%2Fv2%2Fcategories&post=1889"},{"taxonomy":"post_tag","embeddable":true,"href":"https:\/\/iopartecipo.azionecattolica.it\/index.php?rest_route=%2Fwp%2Fv2%2Ftags&post=1889"}],"curies":[{"name":"wp","href":"https:\/\/api.w.org\/{rel}","templated":true}]}}