{"id":1896,"date":"2012-02-27T13:43:45","date_gmt":"2012-02-27T12:43:45","guid":{"rendered":"http:\/\/iopartecipo.azionecattolica.it\/?p=1896"},"modified":"2012-02-27T13:46:28","modified_gmt":"2012-02-27T12:46:28","slug":"prossime-riunioni-forum","status":"publish","type":"post","link":"https:\/\/iopartecipo.azionecattolica.it\/?p=1896","title":{"rendered":"Prossime riunioni Forum"},"content":{"rendered":"<p style=\"text-align: left;\">Carissimi msacchini,<\/p>\n<p style=\"text-align: left;\">i lavori del Forum delle associazioni studentesche proseguono senza interruzioni&#8230;<\/p>\n<p style=\"text-align: left;\">Ecco i prossimi appuntamenti:<\/p>\n<p style=\"text-align: left;\">&#8211; domani, marted\u00ec 28, alle ore 16.00 ci sar\u00e0 una riunione informale con la dott.ssa Boda e altri funzionari del MIUR; sar\u00e0 l&#8217;occasione per\u00a0trarre un bilancio dei risultati ottenuti dai tavoli tecnici (sono davvero molti) finora svolti.<\/p>\n<p style=\"text-align: left;\">&#8211; mercoled\u00ec 29, alle ore 10.00, presso il Salone dei Ministri ci sar\u00e0 la riunione del FORUM alla presenza del ministro Profumo. Saranno presenti, in rappresentanza del MSAC, Elena e Michele. Ci sar\u00e0 la diretta su Twitter su:\u00a0https:\/\/twitter.com\/#!\/MicheleAzzoni<\/p>\n<p>&nbsp;<\/p>\n","protected":false},"excerpt":{"rendered":"<p>Carissimi msacchini, i lavori del Forum delle associazioni studentesche proseguono senza interruzioni&#8230; Ecco i prossimi appuntamenti: &#8211; domani, marted\u00ec 28, alle ore 16.00 ci sar\u00e0 una riunione informale con la dott.ssa Boda e altri funzionari del MIUR; sar\u00e0 l&#8217;occasione per\u00a0trarre un bilancio dei risultati ottenuti dai tavoli tecnici (sono davvero molti) finora svolti. &#8211; mercoled\u00ec [&hellip;]<\/p>\n","protected":false},"author":5,"featured_media":0,"comment_status":"open","ping_status":"open","sticky":false,"template":"","format":"standard","meta":[],"categories":[1],"tags":[38,115,37,40,22,96,104,97],"_links":{"self":[{"href":"https:\/\/iopartecipo.azionecattolica.it\/index.php?rest_route=\/wp\/v2\/posts\/1896"}],"collection":[{"href":"https:\/\/iopartecipo.azionecattolica.it\/index.php?rest_route=\/wp\/v2\/posts"}],"about":[{"href":"https:\/\/iopartecipo.azionecattolica.it\/index.php?rest_route=\/wp\/v2\/types\/post"}],"author":[{"embeddable":true,"href":"https:\/\/iopartecipo.azionecattolica.it\/index.php?rest_route=\/wp\/v2\/users\/5"}],"replies":[{"embeddable":true,"href":"https:\/\/iopartecipo.azionecattolica.it\/index.php?rest_route=%2Fwp%2Fv2%2Fcomments&post=1896"}],"version-history":[{"count":3,"href":"https:\/\/iopartecipo.azionecattolica.it\/index.php?rest_route=\/wp\/v2\/posts\/1896\/revisions"}],"predecessor-version":[{"id":1898,"href":"https:\/\/iopartecipo.azionecattolica.it\/index.php?rest_route=\/wp\/v2\/posts\/1896\/revisions\/1898"}],"wp:attachment":[{"href":"https:\/\/iopartecipo.azionecattolica.it\/index.php?rest_route=%2Fwp%2Fv2%2Fmedia&parent=1896"}],"wp:term":[{"taxonomy":"category","embeddable":true,"href":"https:\/\/iopartecipo.azionecattolica.it\/index.php?rest_route=%2Fwp%2Fv2%2Fcategories&post=1896"},{"taxonomy":"post_tag","embeddable":true,"href":"https:\/\/iopartecipo.azionecattolica.it\/index.php?rest_route=%2Fwp%2Fv2%2Ftags&post=1896"}],"curies":[{"name":"wp","href":"https:\/\/api.w.org\/{rel}","templated":true}]}}