{"id":1900,"date":"2012-03-01T10:21:40","date_gmt":"2012-03-01T09:21:40","guid":{"rendered":"http:\/\/iopartecipo.azionecattolica.it\/?p=1900"},"modified":"2012-03-01T10:21:40","modified_gmt":"2012-03-01T09:21:40","slug":"qui-forum-3","status":"publish","type":"post","link":"https:\/\/iopartecipo.azionecattolica.it\/?p=1900","title":{"rendered":"Qui forum"},"content":{"rendered":"<p>Si \u00e8 riunito ieri presso il Salone dei Ministri in Viale Trastevere (sede del MIUR) il Forum Nazionale delle Associazioni Studentesche Maggiormente Rappresentative. Presenti: il ministro Profumo, il Capo Ufficio legislativo Di Nezza, i capi dipartimento Stellacci e Liberali, la dott.ssa Boda, gli assessori all&#8217;istruzione della Regione Lombardia, On. Aprea, e della Regione Emilia Romagna, dott. Bianchi, dei rappresentanti di Cittadinanzaattiva e una delegazione del CNSU. In rappresentanza del MSAC erano presenti Elena e Michele.<\/p>\n<p>All&#8217;ordine del giorno una relazione da parte delle associazioni studentesche sull&#8217;avanzamento dei lavori dei tavoli tecnici su Diritto allo Studio, riforma dpr 567\/96 sulla rappresentanza, edilizia scolastica e disabilit\u00e0.<\/p>\n<p>Il ministro ha ascoltato con molto interesse le associazioni studentesche apprezzando molto il fatto che fossero state presentate relazioni comuni sulle varie tematiche all&#8217;OdG. Profumo ha dato mandato al capo ufficio legislativo del MIUR di incontrare al pi\u00f9 presto le associazioni studentesche per concordare tempistiche e modalit\u00e0 per la presentazione in Parlamento del ddl sul diritto allo studio e la firma del DPR di modifica del 567\/96. Inoltre non appena verr\u00e0 concluso l&#8217;iter sulla rappresentanza e sul diritto allo studio, si proceder\u00e0 con un lavoro sulla riforma degli OO.CC.<\/p>\n<p>Grandi novit\u00e0 anche per la Carta &#8220;Io Studio&#8221; che probabilmente verr\u00e0 estesa anche agli studenti universitari e che probabilmente diverr\u00e0 una Carta prepagata di deposito dove sar\u00e0 possibile caricare anche del denaro (proveniente anche dalle Borse di Studio o dai Prestiti studio): il Miur sta valutando alcune proposte concordate con PosteItaliane.<\/p>\n<p>Nel pomeriggio si \u00e8 tenuta anche la riunione dell&#8217;Osservatorio sulla disabilit\u00e0 a cui ha partecipato il MSAC in rappresentanza di tutte le associazioni studentesche: al centro della discussione il ruolo dei CTS (Centri Tecnologie Speciali).<\/p>\n<p>Le relazioni delle associazioni studentesche:\u00a0<a href=\"http:\/\/www.azionecattolica.it\/net\/iopartecipo\/wp-content\/uploads\/2012\/03\/ddl-dir-studio.pdf\">diritto allo studio<\/a> &amp;\u00a0<a href=\"http:\/\/www.azionecattolica.it\/net\/iopartecipo\/wp-content\/uploads\/2012\/03\/rappresentanza.pdf\">rappresentanza<\/a><\/p>\n<p>Per altre informazioni visualizza la cronaca #openforum su Twitter:\u00a0https:\/\/twitter.com\/#!\/MicheleAzzoni<\/p>\n<p>&nbsp;<\/p>\n","protected":false},"excerpt":{"rendered":"<p>Si \u00e8 riunito ieri presso il Salone dei Ministri in Viale Trastevere (sede del MIUR) il Forum Nazionale delle Associazioni Studentesche Maggiormente Rappresentative. Presenti: il ministro Profumo, il Capo Ufficio legislativo Di Nezza, i capi dipartimento Stellacci e Liberali, la dott.ssa Boda, gli assessori all&#8217;istruzione della Regione Lombardia, On. Aprea, e della Regione Emilia Romagna, [&hellip;]<\/p>\n","protected":false},"author":5,"featured_media":0,"comment_status":"open","ping_status":"open","sticky":false,"template":"","format":"standard","meta":[],"categories":[1,13],"tags":[117,119,38,115,120,118,39,100,206,40,22,110,96,116,97],"_links":{"self":[{"href":"https:\/\/iopartecipo.azionecattolica.it\/index.php?rest_route=\/wp\/v2\/posts\/1900"}],"collection":[{"href":"https:\/\/iopartecipo.azionecattolica.it\/index.php?rest_route=\/wp\/v2\/posts"}],"about":[{"href":"https:\/\/iopartecipo.azionecattolica.it\/index.php?rest_route=\/wp\/v2\/types\/post"}],"author":[{"embeddable":true,"href":"https:\/\/iopartecipo.azionecattolica.it\/index.php?rest_route=\/wp\/v2\/users\/5"}],"replies":[{"embeddable":true,"href":"https:\/\/iopartecipo.azionecattolica.it\/index.php?rest_route=%2Fwp%2Fv2%2Fcomments&post=1900"}],"version-history":[{"count":1,"href":"https:\/\/iopartecipo.azionecattolica.it\/index.php?rest_route=\/wp\/v2\/posts\/1900\/revisions"}],"predecessor-version":[{"id":1906,"href":"https:\/\/iopartecipo.azionecattolica.it\/index.php?rest_route=\/wp\/v2\/posts\/1900\/revisions\/1906"}],"wp:attachment":[{"href":"https:\/\/iopartecipo.azionecattolica.it\/index.php?rest_route=%2Fwp%2Fv2%2Fmedia&parent=1900"}],"wp:term":[{"taxonomy":"category","embeddable":true,"href":"https:\/\/iopartecipo.azionecattolica.it\/index.php?rest_route=%2Fwp%2Fv2%2Fcategories&post=1900"},{"taxonomy":"post_tag","embeddable":true,"href":"https:\/\/iopartecipo.azionecattolica.it\/index.php?rest_route=%2Fwp%2Fv2%2Ftags&post=1900"}],"curies":[{"name":"wp","href":"https:\/\/api.w.org\/{rel}","templated":true}]}}