{"id":1911,"date":"2012-03-21T21:21:35","date_gmt":"2012-03-21T20:21:35","guid":{"rendered":"http:\/\/iopartecipo.azionecattolica.it\/?p=1911"},"modified":"2012-03-22T12:03:34","modified_gmt":"2012-03-22T11:03:34","slug":"aperte-le-iscrizioni-alla-moca-2012","status":"publish","type":"post","link":"https:\/\/iopartecipo.azionecattolica.it\/?p=1911","title":{"rendered":"Aperte le iscrizioni alla MoCa 2012"},"content":{"rendered":"<p style=\"text-align: right;\">Roma, 20 marzo 2012<\/p>\n<p style=\"text-align: right;\">Ai segretari e agli assistenti diocesani\u00a0 MSAC,<\/p>\n<p style=\"text-align: right;\">Alle \u00e9quipe diocesane MSAC,<\/p>\n<p style=\"text-align: right;\">Ai vice-presidenti e Assistenti diocesani del settore giovani<\/p>\n<p style=\"text-align: right;\">e p.c. ai presidenti diocesani e ai consiglieri nazionali<\/p>\n<p>&nbsp;<\/p>\n<p>Carissimi msacchini,<\/p>\n<p>come vi va la vita? vi raggiungiamo con questa comunicazione per invitarvi ufficialmente al prossimo evento msacchino: la <strong>MoCa,<\/strong> il cantiere del movimento! L\u2019appuntamento \u00e8 per il <strong>20-22 Aprile a Napoli <\/strong>e la scommessa \u00e8 alta: parlare di abbandono e di dispersione scolastica, fenomeno diffusissimo in Italia che colpisce indiscriminatamente Nord e Sud, ma che vede la maggior incidenza proprio nelle regioni meridionali. Ecco spiegato anche perch\u00e8 abbiamo scelto Napoli come luogo per il nostro convegno di Aprile.<\/p>\n<p>Il titolo del convegno sar\u00e0 <strong>\u201cSe mi lasci non vale\u201d<\/strong>: le statistiche e i dati recentemente appari sui giornali sono a dir poco preoccupanti. Ecco perch\u00e8 abbiamo scelto di occuparci di questo tema: per prenderne coscienza, indagarne le cause, capirne gli effetti. Allo stesso tempo, mantenendo invariate le caratteriste del cantiere del movimento, che ci vuole sempre con le mani bene in pasta, pronti a formulare proposte ed elaborare idee, ci piacerebbe provare ad individuare alcune ambiti su cui la scuola dovrebbe investire di pi\u00f9 perch\u00e9 crediamo fortemente in una scuola che sia palestra di vita, di democrazia, che ci educhi alla legalit\u00e0, al rispetto e all\u2019accoglienza del prossimo, che ci insegni ad amare la cultura e dia un senso e del sapore al nostro studio.\u00a0 Noi non vogliamo una scuola che, come scriveva don Milani, <em>curi i sani e respinga i malati<\/em>, ma crediamo e sogniamo una scuola che sappia davvero accompagnare noi ragazzi durante il percorso di crescita e di maturazione. Crediamo in una scuola da non abbandonare!<\/p>\n<p>In particolare, i nostri \u201ccantieri\u201d (i laboratori su cui lavoreremo) affronteranno i temi dell\u2019ORIENTAMENTO, della CULTURA DELLA VALUTAZIONE e del sogno di avere SCUOLE APERTE al pomeriggio che possano rappresentare un vero centro civico e culturale all\u2019interno della citt\u00e0. Abbiamo individuato questi ambiti perch\u00e8 crediamo che agendo su di essi sia possibile mettere un freno, almeno in parte, a dei fenomeni tanto complessi e diffusi come l\u2019abbandono e la dispersione.<\/p>\n<p>Chiederemo l\u2019aiuto di esperti e tecnici ministeriali in ciascuno dei tre ambiti, per poi confrontarci con Francesco Profumo, Ministro dell\u2019Istruzione.<\/p>\n<p>Inoltre la MoCa, sar\u00e0 un\u2019ottima occasione per fare un po\u2019 di formazione specifica ai referenti legislativi di cui stiamo raccogliendo i contatti (siamo a buon punto, ma mancano ancora alcuni nominativi) e per aggiornare tutti quanti sull\u2019andamento dei lavori ai tavoli istituiti presso il ministero e che vedono il MSAC, come anche le altre associazioni studentesche, impegnato a \u00a0 fornire importanti contributi sulla base di quanto proposto ed elaborato dai circoli stessi durante gli anni.<\/p>\n<p>Ci aspetta allora un cantiere zeppo di idee e di progetti, ma soprattutto zeppo di sogni. In allegato, troverete il programma (che sar\u00e0 aggiornato costantemente sul sito del MSAC, ci sono infatti ancora alcune cose da definire), le note tecniche e la scheda di iscrizione. Inoltre per non arrivare del tutto impreparati sul tema che affronteremo alla MoCa, vi inviamo anche una scheda che spiega come fare voi stessi un sondaggio sul vostro territorio per capire quali sono i tassi di abbandono e dispersione nelle vostre scuole. I dati che otterrete saranno poi confrontati con quelli elaborati dagli altri circoli e sar\u00e0 possibile confrontarli con quelli ufficiali forniti dal Ministero.<\/p>\n<p>In attesa allora di riabbracciarvi a Napoli a fine Aprile vi raccomandiamo di iscrivervi numerosi (potr\u00e0 essere l\u2019occasione anche per \u201ccontagiare\u201d di MSAC le diocesi che ancora non conoscono il movimento) e vi auguriamo un buon tempo di quaresima.<\/p>\n<p>Elena e l\u2019\u00e9quipe nazionale MSAC<\/p>\n<p>Potete scaricare la lettera d&#8217;invito, il programma, le note tecniche, la scheda di iscrizione e l&#8217;indagine da fare nelle vostre scuole cliccando <a href=\"http:\/\/msac.azionecattolica.it\/appuntamenti\/moca\">qui<\/a><\/p>\n","protected":false},"excerpt":{"rendered":"<p>Roma, 20 marzo 2012 Ai segretari e agli assistenti diocesani\u00a0 MSAC, Alle \u00e9quipe diocesane MSAC, Ai vice-presidenti e Assistenti diocesani del settore giovani e p.c. ai presidenti diocesani e ai consiglieri nazionali &nbsp; Carissimi msacchini, come vi va la vita? vi raggiungiamo con questa comunicazione per invitarvi ufficialmente al prossimo evento msacchino: la MoCa, il [&hellip;]<\/p>\n","protected":false},"author":1,"featured_media":0,"comment_status":"open","ping_status":"open","sticky":false,"template":"","format":"standard","meta":[],"categories":[6,10],"tags":[],"_links":{"self":[{"href":"https:\/\/iopartecipo.azionecattolica.it\/index.php?rest_route=\/wp\/v2\/posts\/1911"}],"collection":[{"href":"https:\/\/iopartecipo.azionecattolica.it\/index.php?rest_route=\/wp\/v2\/posts"}],"about":[{"href":"https:\/\/iopartecipo.azionecattolica.it\/index.php?rest_route=\/wp\/v2\/types\/post"}],"author":[{"embeddable":true,"href":"https:\/\/iopartecipo.azionecattolica.it\/index.php?rest_route=\/wp\/v2\/users\/1"}],"replies":[{"embeddable":true,"href":"https:\/\/iopartecipo.azionecattolica.it\/index.php?rest_route=%2Fwp%2Fv2%2Fcomments&post=1911"}],"version-history":[{"count":5,"href":"https:\/\/iopartecipo.azionecattolica.it\/index.php?rest_route=\/wp\/v2\/posts\/1911\/revisions"}],"predecessor-version":[{"id":1916,"href":"https:\/\/iopartecipo.azionecattolica.it\/index.php?rest_route=\/wp\/v2\/posts\/1911\/revisions\/1916"}],"wp:attachment":[{"href":"https:\/\/iopartecipo.azionecattolica.it\/index.php?rest_route=%2Fwp%2Fv2%2Fmedia&parent=1911"}],"wp:term":[{"taxonomy":"category","embeddable":true,"href":"https:\/\/iopartecipo.azionecattolica.it\/index.php?rest_route=%2Fwp%2Fv2%2Fcategories&post=1911"},{"taxonomy":"post_tag","embeddable":true,"href":"https:\/\/iopartecipo.azionecattolica.it\/index.php?rest_route=%2Fwp%2Fv2%2Ftags&post=1911"}],"curies":[{"name":"wp","href":"https:\/\/api.w.org\/{rel}","templated":true}]}}