{"id":1920,"date":"2012-03-29T18:46:21","date_gmt":"2012-03-29T17:46:21","guid":{"rendered":"http:\/\/iopartecipo.azionecattolica.it\/?p=1920"},"modified":"2012-03-29T18:46:21","modified_gmt":"2012-03-29T17:46:21","slug":"lettera-del-ministro-alle-scuole-per-i-150-anni-dellunita-ditalia","status":"publish","type":"post","link":"https:\/\/iopartecipo.azionecattolica.it\/?p=1920","title":{"rendered":"Lettera del Ministro alle scuole per i 150 anni dell&#8217;Unit\u00e0 d&#8217;Italia"},"content":{"rendered":"<p><a href=\"http:\/\/www.azionecattolica.it\/net\/iopartecipo\/wp-content\/uploads\/2012\/03\/Logo-150-anni-dItalia.jpg\"><img loading=\"lazy\" class=\"alignleft size-full wp-image-1921\" title=\"Logo-150-anni-dItalia\" src=\"http:\/\/www.azionecattolica.it\/net\/iopartecipo\/wp-content\/uploads\/2012\/03\/Logo-150-anni-dItalia.jpg\" alt=\"\" width=\"150\" height=\"120\" \/><\/a><\/p>\n<p>&nbsp;<\/p>\n<p>Cari dirigenti scolastici, cari docenti, carissimi studenti,<\/p>\n<p>lo scorso 17 marzo, in occasione dell\u2019incontro &#8220;Bilancio e significato delle celebrazioni per il 150\u00b0 anniversario dell&#8217;Unit\u00e0 d&#8217;Italia&#8221;, il Presidente della Repubblica Giorgio Napolitano ha voluto elogiare il Vostro impegno e il Vostro ruolo come promotori di eventi e iniziative didattiche sulla nostra storia e sui nostri valori.<\/p>\n<p>Il riconoscimento che la pi\u00f9 alta carica dello Stato ha voluto tributare al sistema scolastico italiano \u00e8 certamente meritato: nel corso degli ultimi mesi infatti sono state molteplici le occasioni volute e realizzate grazie all\u2019impegno di centinaia di docenti e al coinvolgimento di studenti di tutte le et\u00e0, dalle scuole dell\u2019infanzia, alle universit\u00e0, agli enti di ricerca, su tutto il territorio nazionale.<\/p>\n<p>Tali lavori, frutto di un percorso didattico-educativo sulla storia del nostro Paese e sulle grandi tematiche della democrazia, dell\u2019uguaglianza, della solidariet\u00e0 e della legalit\u00e0, hanno contribuito a trasmettere alle giovani generazioni il senso di appartenenza alla comunit\u00e0 nazionale e ai valori unitari che, sedimentati ed evoluti nel tempo, restano sempre attuali e pongono le basi per la crescita futura del Paese.<\/p>\n<p>Adesso \u00e8 importante che il 17 marzo non rimanga un momento puramente evocativo, ma continui a essere una tappa viva del percorso di conoscenza che sperimentate quotidianamente. E\u2019 per questo che il Consiglio dei ministri, all\u2019unanimit\u00e0 e su grande impulso del Presidente Mario Monti, ma anche sulla scia di tante richieste raccolte in questo senso tra docenti e studenti, ha da poco istituito il 17 marzo come \u201cGiornata dell\u2019Anniversario dell\u2019Unit\u00e0 d\u2019Italia\u201d.<\/p>\n<p>Mi unisco perci\u00f2 all\u2019invito del Presidente Napolitano nel chiedere a Voi tutti di continuare a sviluppare e potenziare tali percorsi, nonch\u00e9 le visite ai Luoghi della Memoria (www.iluoghidellamemoria.it) che hanno\u00a0 gi\u00e0 coinvolto migliaia di studenti, anche nell\u2019anno futuro e in quelli che verranno. Al di l\u00e0 delle date simboliche e delle ricorrenze, non devono mai venire meno nella scuola l\u2019educazione a una cittadinanza responsabile e partecipata, cos\u00ec come il senso di appartenenza a una comunit\u00e0 nazionale in continua evoluzione, ma coesa nei suoi principi fondamentali.<\/p>\n<p>Nel ringraziare ciascuno di Voi per quanto gi\u00e0 fatto e nell\u2019esortarVi a non fare mai mancare il Vostro impegno e la Vostra passione in futuro, Vi auguro buon lavoro.<\/p>\n<p style=\"text-align: right;\">Prof. Francesco Profumo<br \/>\nMinistro dell\u2019Istruzione dell\u2019Universit\u00e0 e della Ricerca<\/p>\n<p>Maggiori info: <a title=\"qui\" href=\"http:\/\/www.istruzione.it\/web\/ministero\/quirinale-vittoriano_170312\">qui<\/a><\/p>\n","protected":false},"excerpt":{"rendered":"<p>&nbsp; Cari dirigenti scolastici, cari docenti, carissimi studenti, lo scorso 17 marzo, in occasione dell\u2019incontro &#8220;Bilancio e significato delle celebrazioni per il 150\u00b0 anniversario dell&#8217;Unit\u00e0 d&#8217;Italia&#8221;, il Presidente della Repubblica Giorgio Napolitano ha voluto elogiare il Vostro impegno e il Vostro ruolo come promotori di eventi e iniziative didattiche sulla nostra storia e sui nostri [&hellip;]<\/p>\n","protected":false},"author":5,"featured_media":0,"comment_status":"open","ping_status":"open","sticky":false,"template":"","format":"standard","meta":[],"categories":[13],"tags":[129,128,206,40,77,96,127],"_links":{"self":[{"href":"https:\/\/iopartecipo.azionecattolica.it\/index.php?rest_route=\/wp\/v2\/posts\/1920"}],"collection":[{"href":"https:\/\/iopartecipo.azionecattolica.it\/index.php?rest_route=\/wp\/v2\/posts"}],"about":[{"href":"https:\/\/iopartecipo.azionecattolica.it\/index.php?rest_route=\/wp\/v2\/types\/post"}],"author":[{"embeddable":true,"href":"https:\/\/iopartecipo.azionecattolica.it\/index.php?rest_route=\/wp\/v2\/users\/5"}],"replies":[{"embeddable":true,"href":"https:\/\/iopartecipo.azionecattolica.it\/index.php?rest_route=%2Fwp%2Fv2%2Fcomments&post=1920"}],"version-history":[{"count":1,"href":"https:\/\/iopartecipo.azionecattolica.it\/index.php?rest_route=\/wp\/v2\/posts\/1920\/revisions"}],"predecessor-version":[{"id":1922,"href":"https:\/\/iopartecipo.azionecattolica.it\/index.php?rest_route=\/wp\/v2\/posts\/1920\/revisions\/1922"}],"wp:attachment":[{"href":"https:\/\/iopartecipo.azionecattolica.it\/index.php?rest_route=%2Fwp%2Fv2%2Fmedia&parent=1920"}],"wp:term":[{"taxonomy":"category","embeddable":true,"href":"https:\/\/iopartecipo.azionecattolica.it\/index.php?rest_route=%2Fwp%2Fv2%2Fcategories&post=1920"},{"taxonomy":"post_tag","embeddable":true,"href":"https:\/\/iopartecipo.azionecattolica.it\/index.php?rest_route=%2Fwp%2Fv2%2Ftags&post=1920"}],"curies":[{"name":"wp","href":"https:\/\/api.w.org\/{rel}","templated":true}]}}