{"id":1923,"date":"2012-04-07T08:36:55","date_gmt":"2012-04-07T07:36:55","guid":{"rendered":"http:\/\/iopartecipo.azionecattolica.it\/?p=1923"},"modified":"2012-04-07T08:36:55","modified_gmt":"2012-04-07T07:36:55","slug":"pasqua-2012-gli-auguri-del-ministro-francesco-profumo","status":"publish","type":"post","link":"https:\/\/iopartecipo.azionecattolica.it\/?p=1923","title":{"rendered":"Pasqua 2012 &#8211; Gli auguri del Ministro Francesco Profumo"},"content":{"rendered":"<p>Cari insegnanti, cari professori, cari ricercatori, cari studenti e cari genitori,<\/p>\n<div>\n<p>Nella ricorrenza delle festivit\u00e0 pasquali, rivolgendo a tutti i miei pi\u00f9 cordiali auguri di Buona Pasqua, desidero ringraziarvi per l\u2019impegno che ognuno di voi sta dimostrando a favore della scuola, dell\u2019universit\u00e0 e della ricerca. Un impegno prezioso, che rappresenta un contributo decisivo affinch\u00e9 il nostro Paese si confermi all\u2019altezza delle sfide che sta affrontando. Per vincerle, infatti, ritengo sia ineludibile rimettere l\u2019istruzione e la formazione al centro dell\u2019agenda politica del Paese. Come pure la ricerca e il trasferimento tecnologico.<\/p>\n<p>Da tempo non \u00e8 pi\u00f9 cos\u00ec, ed \u00e8 ora di invertire la rotta. Pensiamo alle sfide che ci pone la crisi economica: senza formazione non \u00e8 possibile pensare un futuro di sviluppo. Allo stesso modo, senza considerare la scuola il necessario complemento a una visione moderna del mercato del lavoro non \u00e8 possibile immaginare un suo ammodernamento: se il lavoratore \u00e8 infatti una persona, e non solo un numero, le sue scelte professionali nascono gi\u00e0 nel suo percorso formativo.<\/p>\n<p>Questo \u00e8 il senso del mio lavoro come Ministro dell\u2019Istruzione, dell\u2019Universit\u00e0 e della Ricerca. Un lavoro che non potrebbe avere speranza di successo senza il vostro insostituibile apporto fatto di competenza, passione e fatica quotidiana. Per questo desidero ringraziarvi ancora, augurando a voi e alle vostre famiglie una serena Pasqua.<\/p>\n<p style=\"text-align: right;\"><strong>Francesco Profumo <\/strong><br \/>\n<em>Ministro dell\u2019Istruzione, dell\u2019Universit\u00e0 e della Ricerca<\/em><\/p>\n<\/div>\n","protected":false},"excerpt":{"rendered":"<p>Cari insegnanti, cari professori, cari ricercatori, cari studenti e cari genitori, Nella ricorrenza delle festivit\u00e0 pasquali, rivolgendo a tutti i miei pi\u00f9 cordiali auguri di Buona Pasqua, desidero ringraziarvi per l\u2019impegno che ognuno di voi sta dimostrando a favore della scuola, dell\u2019universit\u00e0 e della ricerca. Un impegno prezioso, che rappresenta un contributo decisivo affinch\u00e9 il [&hellip;]<\/p>\n","protected":false},"author":5,"featured_media":0,"comment_status":"open","ping_status":"open","sticky":false,"template":"","format":"standard","meta":[],"categories":[6,13],"tags":[131,40,130,96,26],"_links":{"self":[{"href":"https:\/\/iopartecipo.azionecattolica.it\/index.php?rest_route=\/wp\/v2\/posts\/1923"}],"collection":[{"href":"https:\/\/iopartecipo.azionecattolica.it\/index.php?rest_route=\/wp\/v2\/posts"}],"about":[{"href":"https:\/\/iopartecipo.azionecattolica.it\/index.php?rest_route=\/wp\/v2\/types\/post"}],"author":[{"embeddable":true,"href":"https:\/\/iopartecipo.azionecattolica.it\/index.php?rest_route=\/wp\/v2\/users\/5"}],"replies":[{"embeddable":true,"href":"https:\/\/iopartecipo.azionecattolica.it\/index.php?rest_route=%2Fwp%2Fv2%2Fcomments&post=1923"}],"version-history":[{"count":1,"href":"https:\/\/iopartecipo.azionecattolica.it\/index.php?rest_route=\/wp\/v2\/posts\/1923\/revisions"}],"predecessor-version":[{"id":1924,"href":"https:\/\/iopartecipo.azionecattolica.it\/index.php?rest_route=\/wp\/v2\/posts\/1923\/revisions\/1924"}],"wp:attachment":[{"href":"https:\/\/iopartecipo.azionecattolica.it\/index.php?rest_route=%2Fwp%2Fv2%2Fmedia&parent=1923"}],"wp:term":[{"taxonomy":"category","embeddable":true,"href":"https:\/\/iopartecipo.azionecattolica.it\/index.php?rest_route=%2Fwp%2Fv2%2Fcategories&post=1923"},{"taxonomy":"post_tag","embeddable":true,"href":"https:\/\/iopartecipo.azionecattolica.it\/index.php?rest_route=%2Fwp%2Fv2%2Ftags&post=1923"}],"curies":[{"name":"wp","href":"https:\/\/api.w.org\/{rel}","templated":true}]}}