{"id":1962,"date":"2012-06-19T15:12:53","date_gmt":"2012-06-19T14:12:53","guid":{"rendered":"http:\/\/iopartecipo.azionecattolica.it\/?p=1962"},"modified":"2012-06-19T15:15:53","modified_gmt":"2012-06-19T14:15:53","slug":"in-bocca-al-lupo-maturandi-2","status":"publish","type":"post","link":"https:\/\/iopartecipo.azionecattolica.it\/?p=1962","title":{"rendered":"In bocca al lupo, maturandi!"},"content":{"rendered":"<p><a href=\"http:\/\/www.azionecattolica.it\/net\/iopartecipo\/wp-content\/uploads\/2012\/06\/2007_ico.gif\"><img loading=\"lazy\" class=\"aligncenter size-full wp-image-1963\" title=\"2007_ico\" src=\"http:\/\/www.azionecattolica.it\/net\/iopartecipo\/wp-content\/uploads\/2012\/06\/2007_ico.gif\" alt=\"\" width=\"317\" height=\"350\" srcset=\"https:\/\/iopartecipo.azionecattolica.it\/wp-content\/uploads\/2012\/06\/2007_ico.gif 317w, https:\/\/iopartecipo.azionecattolica.it\/wp-content\/uploads\/2012\/06\/2007_ico-271x300.gif 271w\" sizes=\"(max-width: 317px) 100vw, 317px\" \/><\/a><\/p>\n<p>\u00abNotte di sogni di coppe e di campioni, notte di lacrime e preghiere, la matematica non sar\u00e0 mai il mio mestiere\u00bb. Cos\u00ec canta Antonello Venditti nella sua celebre canzone <em>Notte prima degli esami<\/em> e forse queste parole riescono a racchiudere l\u2019emozione e la tensione che avvolgono, in queste ore, migliaia di studenti italiani che domani affronteranno la tanto temuta prima prova degli esami di maturit\u00e0.<\/p>\n<p>Una notte con tanti \u201csogni\u201d, scolastici e non (forse anche sogni calcistici \u2013 meglio europeistici &#8211; ma, per fortuna dei maturandi, la partita dell\u2019Italia \u00e8 stata disputata ieri e quindi non hanno anche questa tensione da dover affrontare); una notte, forse, segnata anche dalle \u201clacrime\u201d: lacrime dovute alla tensione pre-esame, ma anche ad un po\u2019 di nostalgia per quel percorso che si sta concludendo e che li ha fatti crescere, maturare appunto; nonch\u00e9 una notte di \u201cpreghiere\u201d: perch\u00e9 la maturit\u00e0 vada al meglio, perch\u00e9 i commissari siano clementi, etc.<\/p>\n<p>Gli esami ormai sono davvero troppo vicini \u2013 citando ancora Venditti \u2013 e nelle stanze di questi maturandi sta regnando, probabilmente, la confusione pi\u00f9 totale: i libri per l\u2019ultimo ripasso sparsi ovunque, i \u201cbignami\u201d &#8211; di italiano e di storia &#8211; buttati sul letto\u00a0sperando che per osmosi le ultime nozioni entrino nel cervello in vista del tema,\u00a0il computer aperto alla ricerca di improbabili notizie sulle tracce&#8230; anche se statisticamente, c&#8217;\u00e8 da dirselo, non ci azzeccano mai! Tra l\u2019altro quest\u2019anno si aggiunge la speranza che qualche hacker riesca ad accedere al cervellone del Miur che domani mattina trasmetter\u00e0, per la prima volta, le tracce online a tutte le scuole, mandando in pensione le fatidiche buste&#8230;<\/p>\n<p>Ma tutto questo conta relativamente poco; quello che conta realmente \u00e8 il ricordo che si porteranno sempre dietro di questa scuola superiore: i tanti compagni con cui hanno condiviso tutto (dalla penna dimenticata a casa ai pomeriggi di studio e di ripasso, per fare degli esempi), i professori che li hanno fatti crescere \u2013 e, a volte, pure penare -, le esperienze che hanno vissuto\u2026<\/p>\n<p>Tutti aspetti che sicuramente saranno riusciti \u201ca far stare\u201d nella valigia che hanno riempito in questi anni di scuola superiore. Ora si conclude una strada lungo la quale hanno camminato e che \u00e8 durata 5 anni \u2013 forse per qualcuno qualche anno in pi\u00f9. Ora a loro non resta che rimboccarsi le maniche e percorrere questo ultimo breve sprint.<\/p>\n<p>Quest&#8217;anno, per qualcuno, la maturit\u00e0 sar\u00e0 ancora pi\u00f9 speciale che per altri. Allora un ricordo, permettetecelo, va in particolare agli amici maturandi colpiti dal terremoto in Emilia che affronteranno l\u2019esame domani o nella sessione straordinaria predisposta dal Miur per il mese di luglio: a loro un forte abbraccio.<\/p>\n<p>Buona notte prima degli esami, cari ragazzi! Manca davvero poco, ma siam certi che sar\u00e0 un successo!<\/p>\n<p>&nbsp;<\/p>\n<p>p.s. un \u201cin bocca al lupo\u201d speciale a due maturande d\u2019eccezione: Adelaide e Rosathea, entrambe dell\u2019equipe nazionale MSAC.<\/p>\n<p>&nbsp;<\/p>\n","protected":false},"excerpt":{"rendered":"<p>\u00abNotte di sogni di coppe e di campioni, notte di lacrime e preghiere, la matematica non sar\u00e0 mai il mio mestiere\u00bb. Cos\u00ec canta Antonello Venditti nella sua celebre canzone Notte prima degli esami e forse queste parole riescono a racchiudere l\u2019emozione e la tensione che avvolgono, in queste ore, migliaia di studenti italiani che domani [&hellip;]<\/p>\n","protected":false},"author":5,"featured_media":0,"comment_status":"open","ping_status":"open","sticky":false,"template":"","format":"standard","meta":[],"categories":[6],"tags":[141,45,139,44,40,22,57,93,96,142,143],"_links":{"self":[{"href":"https:\/\/iopartecipo.azionecattolica.it\/index.php?rest_route=\/wp\/v2\/posts\/1962"}],"collection":[{"href":"https:\/\/iopartecipo.azionecattolica.it\/index.php?rest_route=\/wp\/v2\/posts"}],"about":[{"href":"https:\/\/iopartecipo.azionecattolica.it\/index.php?rest_route=\/wp\/v2\/types\/post"}],"author":[{"embeddable":true,"href":"https:\/\/iopartecipo.azionecattolica.it\/index.php?rest_route=\/wp\/v2\/users\/5"}],"replies":[{"embeddable":true,"href":"https:\/\/iopartecipo.azionecattolica.it\/index.php?rest_route=%2Fwp%2Fv2%2Fcomments&post=1962"}],"version-history":[{"count":2,"href":"https:\/\/iopartecipo.azionecattolica.it\/index.php?rest_route=\/wp\/v2\/posts\/1962\/revisions"}],"predecessor-version":[{"id":1965,"href":"https:\/\/iopartecipo.azionecattolica.it\/index.php?rest_route=\/wp\/v2\/posts\/1962\/revisions\/1965"}],"wp:attachment":[{"href":"https:\/\/iopartecipo.azionecattolica.it\/index.php?rest_route=%2Fwp%2Fv2%2Fmedia&parent=1962"}],"wp:term":[{"taxonomy":"category","embeddable":true,"href":"https:\/\/iopartecipo.azionecattolica.it\/index.php?rest_route=%2Fwp%2Fv2%2Fcategories&post=1962"},{"taxonomy":"post_tag","embeddable":true,"href":"https:\/\/iopartecipo.azionecattolica.it\/index.php?rest_route=%2Fwp%2Fv2%2Ftags&post=1962"}],"curies":[{"name":"wp","href":"https:\/\/api.w.org\/{rel}","templated":true}]}}